{"id":806,"date":"2023-05-11T10:03:59","date_gmt":"2023-05-11T08:03:59","guid":{"rendered":"https:\/\/www.eudiakok.hu\/blog\/?p=806"},"modified":"2023-05-11T10:05:20","modified_gmt":"2023-05-11T08:05:20","slug":"koordinatorok-a-diakmunka-fogaskerekei","status":"publish","type":"post","link":"https:\/\/www.eudiakok.hu\/blog\/koordinatorok-a-diakmunka-fogaskerekei\/","title":{"rendered":"Koordin\u00e1torok \u2013 A di\u00e1kmunka fogaskerekei"},"content":{"rendered":"\n<p><strong>Akkor j\u00f3 helyen j\u00e1rsz, mert most betekint\u00e9st ny\u00fajtunk neked az euDi\u00e1kok sz\u00ednfalai m\u00f6g\u00e9!<\/strong><\/p>\n\n\n\n<p>Dar\u00f3czi Gabriella, az euDi\u00e1kok koordin\u00e1tora t\u00f6bb \u00e9ve er\u0151s\u00edti m\u00e1r munk\u00e1j\u00e1val a csapatot. Ebben a bejegyz\u00e9sben \u0151 seg\u00edt nek\u00fcnk a h\u00e1tt\u00e9rfolyamatok megismer\u00e9s\u00e9ben \u00e9s mes\u00e9l arr\u00f3l, hogy mi\u00e9rt szereti a munk\u00e1j\u00e1t.<\/p>\n\n\n\n<p>Az egyik legfontosabb k\u00e9rd\u00e9ssel \u00e9rdemes kezdeni, amely tal\u00e1n az, <strong>hogy di\u00e1k munkav\u00e1llal\u00f3k\u00e9nt milyen \u00fcgyekben tudj\u00e1tok \u0151ket keresni. <\/strong>Ez a lista igen hossz\u00fa, \u00edgy n\u00e9h\u00e1ny pontban szedt\u00fck \u00f6ssze a leggyakoribb eseteket:<\/p>\n\n\n\n<ul class=\"wp-block-list\">\n<li>Beoszt\u00e1ssal, jelentkez\u00e9ssel, di\u00e1kigazolv\u00e1nnyal, eg\u00e9szs\u00e9g\u00fcgyi kisk\u00f6nyvvel kapcsolatos k\u00e9rd\u00e9sek\/probl\u00e9m\u00e1k, SOS megkeres\u00e9sek (pl. m\u0171szak lemond\u00e1sa, lebeteged\u00e9s stb.)<\/li>\n\n\n\n<li>B\u00e9rjegyz\u00e9kkel kapcsolatos k\u00e9rd\u00e9sek\/kiigazod\u00e1s, SZJA-val kapcsolatos k\u00e9rd\u00e9sek<\/li>\n\n\n\n<li>Szakmai, fajs\u00falyosabb k\u00e9rd\u00e9sek eset\u00e9n (SZJA, szakmai gyakorlat \u00fcgyint\u00e9z\u00e9s, b\u00e9relsz\u00e1mol\u00e1s) mindenk\u00e9ppen a koordin\u00e1torokat \u00e9rdemes keresni<\/li>\n\n\n\n<li>Kisebb k\u00e9rd\u00e9sek, egyszer\u0171bb \u00fcgyek eset\u00e9n viszont a call center h\u00edv\u00e1sa is megfelel\u0151, hiszen \u0151k fix nyitvatart\u00e1si id\u0151vel kezelik a bej\u00f6v\u0151 h\u00edv\u00e1sokat<\/li>\n<\/ul>\n\n\n\n<p>A koordin\u00e1ci\u00f3s munkak\u00f6r h\u00e1rom nagy r\u00e9szre oszthat\u00f3. Els\u0151k\u00e9nt foglalkoznak a munkaer\u0151 toborz\u00e1s\u00e1val, majd a szervez\u00e9sben val\u00f3 r\u00e9szv\u00e9tellel, v\u00e9g\u00fcl pedig a havi elsz\u00e1mol\u00e1s elk\u00e9sz\u00edt\u00e9s\u00e9vel is. M\u00e1r ezekb\u0151l levonhat\u00f3 az a k\u00f6vetkeztet\u00e9s, hogy a koordin\u00e1tori munka el\u00e9g soksz\u00edn\u0171 \u00e9s nem korl\u00e1toz\u00f3dik le egy adott munkafolyamatra. De nem csak a c\u00e9g bels\u0151 m\u0171k\u00f6d\u00e9s\u00e9ben vesznek r\u00e9szt, hiszen egyfajta szolg\u00e1ltat\u00e1st is ny\u00fajtanak a partnerc\u00e9geknek, akiknek munkaer\u0151re van sz\u00fcks\u00e9g\u00fck.<\/p>\n\n\n\n<p>Ez a szolg\u00e1ltat\u00e1s mag\u00e1ba foglalja a folyamatos kapcsolattart\u00e1st mind a di\u00e1kokkal, mind a partnerekkel, a b\u00e9rsz\u00e1mfejt\u00e9s el\u0151k\u00e9sz\u00edt\u00e9s\u00e9t, a k\u00fcl\u00f6nf\u00e9le szakmai tan\u00e1csad\u00e1st \u00e9s a mindennapi feladatok koordin\u00e1l\u00e1s\u00e1t.<\/p>\n\n\n\n<p>A feladatok komplexit\u00e1s\u00e1b\u00f3l k\u00f6vetkezik az is, hogy minden koordin\u00e1tor saj\u00e1t asszisztensi csapattal rendelkezik, akikkel szorosan egy\u00fctt dolgoznak. Egy csapat m\u00e9rete f\u00fcgg att\u00f3l, hogy h\u00e1ny c\u00e9ggel foglalkoznak egyszerre \u00e9s milyen szakasz\u00e1ban j\u00e1rnak az \u00e9vnek, hiszen egy ny\u00e1ri p\u00f6rg\u0151sebb id\u0151szak nagyobb szervez\u00e9ssel, \u00edgy t\u00f6bb munk\u00e1val is j\u00e1r.<\/p>\n\n\n\n<p>\u00c9ppen ez\u00e9rt egy koordin\u00e1tornak, mindamellett, hogy kiv\u00e1l\u00f3an kommunik\u00e1l, csapatj\u00e1t\u00e9kosnak kell lennie az olajozott munkav\u00e9gz\u00e9s \u00e9rdek\u00e9ben. De fontos a t\u00fcrelem, hat\u00e1rozotts\u00e1g \u00e9s az emp\u00e1tia is, hogy valakib\u0151l j\u00f3 szakember v\u00e1lhasson.<\/p>\n\n\n\n<p>Gabriella szerint koordin\u00e1tork\u00e9nt szinte nincs k\u00e9t egyforma nap, \u00edgy a munkaid\u0151 mindig v\u00e1ltozatosan telik, van lehet\u0151s\u00e9g a fejl\u0151d\u00e9sre \u00e9s a k\u00fcl\u00f6nb\u00f6z\u0151 kih\u00edv\u00e1sok megold\u00e1s\u00e1ra. Sz\u00f3val p\u00f6rg\u00e9sben \u00e9s v\u00e1ltozatoss\u00e1gban soha nincs hi\u00e1ny!<\/p>\n\n\n\n<p>Ha szeretn\u00e9tek ti is beker\u00fclni a HR berkeibe \u00e9s koordin\u00e1tork\u00e9nt dolgozni, ahhoz mindenk\u00e9ppen sz\u00fcks\u00e9ges p\u00e1r h\u00f3napnyi asszisztensi vagy call center-es tapasztalat, hiszen \u00edgy jobban belel\u00e1ttok a k\u00fcl\u00f6nb\u00f6z\u0151 munkafolyamatokba \u00e9s gyorsabban be tudtok tanulni ebbe a poz\u00edci\u00f3ba.<\/p>\n","protected":false},"excerpt":{"rendered":"<p>Mindig is vonzott a HR vil\u00e1ga? Esetleg \u00e9rdekl\u0151dsz a koordin\u00e1tori p\u00e1lya ir\u00e1nt? Vagy csak szeretn\u00e9d tudni, hogy milyen \u00fcgyekben keresheted a saj\u00e1t koordin\u00e1torodat?<\/p>\n","protected":false},"author":3,"featured_media":807,"comment_status":"open","ping_status":"closed","sticky":false,"template":"","format":"standard","meta":{"_acf_changed":false,"footnotes":""},"categories":[8],"tags":[22],"class_list":["post-806","post","type-post","status-publish","format-standard","has-post-thumbnail","hentry","category-eudiakok","tag-diakmunka"],"acf":[],"yoast_head":"<!-- This site is optimized with the Yoast SEO plugin v27.5 - https:\/\/yoast.com\/product\/yoast-seo-wordpress\/ -->\n<title>Koordin\u00e1torok \u2013 A di\u00e1kmunka fogaskerekei - euDI\u00c1KOK Blog<\/title>\n<meta name=\"robots\" content=\"index, follow, max-snippet:-1, max-image-preview:large, max-video-preview:-1\" \/>\n<link rel=\"canonical\" href=\"https:\/\/www.eudiakok.hu\/blog\/koordinatorok-a-diakmunka-fogaskerekei\/\" \/>\n<meta property=\"og:locale\" content=\"hu_HU\" \/>\n<meta property=\"og:type\" content=\"article\" \/>\n<meta property=\"og:title\" content=\"Koordin\u00e1torok \u2013 A di\u00e1kmunka fogaskerekei - euDI\u00c1KOK Blog\" \/>\n<meta property=\"og:description\" content=\"Mindig is vonzott a HR vil\u00e1ga? Esetleg \u00e9rdekl\u0151dsz a koordin\u00e1tori p\u00e1lya ir\u00e1nt? Vagy csak szeretn\u00e9d tudni, hogy milyen \u00fcgyekben keresheted a saj\u00e1t koordin\u00e1torodat?\" \/>\n<meta property=\"og:url\" content=\"https:\/\/www.eudiakok.hu\/blog\/koordinatorok-a-diakmunka-fogaskerekei\/\" \/>\n<meta property=\"og:site_name\" content=\"euDI\u00c1KOK Blog\" \/>\n<meta property=\"article:publisher\" content=\"https:\/\/www.facebook.com\/eudiakok\" \/>\n<meta property=\"article:published_time\" content=\"2023-05-11T08:03:59+00:00\" \/>\n<meta property=\"article:modified_time\" content=\"2023-05-11T08:05:20+00:00\" \/>\n<meta property=\"og:image\" content=\"https:\/\/www.eudiakok.hu\/blog\/wp-content\/uploads\/2023\/05\/eudiakok-diakmunkak-open-graph-0511.jpg\" \/>\n\t<meta property=\"og:image:width\" content=\"1200\" \/>\n\t<meta property=\"og:image:height\" content=\"630\" \/>\n\t<meta property=\"og:image:type\" content=\"image\/jpeg\" \/>\n<meta name=\"author\" content=\"euDI\u00c1KOK\" \/>\n<meta name=\"twitter:card\" content=\"summary_large_image\" \/>\n<meta name=\"twitter:label1\" content=\"Szerz\u0151:\" \/>\n\t<meta name=\"twitter:data1\" content=\"euDI\u00c1KOK\" \/>\n\t<meta name=\"twitter:label2\" content=\"Becs\u00fclt olvas\u00e1si id\u0151\" \/>\n\t<meta name=\"twitter:data2\" content=\"2 perc\" \/>\n<script type=\"application\/ld+json\" class=\"yoast-schema-graph\">{\"@context\":\"https:\\\/\\\/schema.org\",\"@graph\":[{\"@type\":\"Article\",\"@id\":\"https:\\\/\\\/www.eudiakok.hu\\\/blog\\\/koordinatorok-a-diakmunka-fogaskerekei\\\/#article\",\"isPartOf\":{\"@id\":\"https:\\\/\\\/www.eudiakok.hu\\\/blog\\\/koordinatorok-a-diakmunka-fogaskerekei\\\/\"},\"author\":{\"name\":\"euDI\u00c1KOK\",\"@id\":\"https:\\\/\\\/www.eudiakok.hu\\\/blog\\\/#\\\/schema\\\/person\\\/170aa30623d39e8c44086918ce180237\"},\"headline\":\"Koordin\u00e1torok \u2013 A di\u00e1kmunka fogaskerekei\",\"datePublished\":\"2023-05-11T08:03:59+00:00\",\"dateModified\":\"2023-05-11T08:05:20+00:00\",\"mainEntityOfPage\":{\"@id\":\"https:\\\/\\\/www.eudiakok.hu\\\/blog\\\/koordinatorok-a-diakmunka-fogaskerekei\\\/\"},\"wordCount\":584,\"commentCount\":0,\"publisher\":{\"@id\":\"https:\\\/\\\/www.eudiakok.hu\\\/blog\\\/#organization\"},\"image\":{\"@id\":\"https:\\\/\\\/www.eudiakok.hu\\\/blog\\\/koordinatorok-a-diakmunka-fogaskerekei\\\/#primaryimage\"},\"thumbnailUrl\":\"https:\\\/\\\/www.eudiakok.hu\\\/blog\\\/wp-content\\\/uploads\\\/2023\\\/05\\\/eudiakok-diakmunkak-open-graph-0511.jpg\",\"keywords\":[\"Di\u00e1kmunka\"],\"articleSection\":[\"euDI\u00c1KOK\"],\"inLanguage\":\"hu\"},{\"@type\":\"WebPage\",\"@id\":\"https:\\\/\\\/www.eudiakok.hu\\\/blog\\\/koordinatorok-a-diakmunka-fogaskerekei\\\/\",\"url\":\"https:\\\/\\\/www.eudiakok.hu\\\/blog\\\/koordinatorok-a-diakmunka-fogaskerekei\\\/\",\"name\":\"Koordin\u00e1torok \u2013 A di\u00e1kmunka fogaskerekei - euDI\u00c1KOK Blog\",\"isPartOf\":{\"@id\":\"https:\\\/\\\/www.eudiakok.hu\\\/blog\\\/#website\"},\"primaryImageOfPage\":{\"@id\":\"https:\\\/\\\/www.eudiakok.hu\\\/blog\\\/koordinatorok-a-diakmunka-fogaskerekei\\\/#primaryimage\"},\"image\":{\"@id\":\"https:\\\/\\\/www.eudiakok.hu\\\/blog\\\/koordinatorok-a-diakmunka-fogaskerekei\\\/#primaryimage\"},\"thumbnailUrl\":\"https:\\\/\\\/www.eudiakok.hu\\\/blog\\\/wp-content\\\/uploads\\\/2023\\\/05\\\/eudiakok-diakmunkak-open-graph-0511.jpg\",\"datePublished\":\"2023-05-11T08:03:59+00:00\",\"dateModified\":\"2023-05-11T08:05:20+00:00\",\"breadcrumb\":{\"@id\":\"https:\\\/\\\/www.eudiakok.hu\\\/blog\\\/koordinatorok-a-diakmunka-fogaskerekei\\\/#breadcrumb\"},\"inLanguage\":\"hu\",\"potentialAction\":[{\"@type\":\"ReadAction\",\"target\":[\"https:\\\/\\\/www.eudiakok.hu\\\/blog\\\/koordinatorok-a-diakmunka-fogaskerekei\\\/\"]}]},{\"@type\":\"ImageObject\",\"inLanguage\":\"hu\",\"@id\":\"https:\\\/\\\/www.eudiakok.hu\\\/blog\\\/koordinatorok-a-diakmunka-fogaskerekei\\\/#primaryimage\",\"url\":\"https:\\\/\\\/www.eudiakok.hu\\\/blog\\\/wp-content\\\/uploads\\\/2023\\\/05\\\/eudiakok-diakmunkak-open-graph-0511.jpg\",\"contentUrl\":\"https:\\\/\\\/www.eudiakok.hu\\\/blog\\\/wp-content\\\/uploads\\\/2023\\\/05\\\/eudiakok-diakmunkak-open-graph-0511.jpg\",\"width\":1200,\"height\":630},{\"@type\":\"BreadcrumbList\",\"@id\":\"https:\\\/\\\/www.eudiakok.hu\\\/blog\\\/koordinatorok-a-diakmunka-fogaskerekei\\\/#breadcrumb\",\"itemListElement\":[{\"@type\":\"ListItem\",\"position\":1,\"name\":\"Home\",\"item\":\"https:\\\/\\\/www.eudiakok.hu\\\/blog\\\/\"},{\"@type\":\"ListItem\",\"position\":2,\"name\":\"Koordin\u00e1torok \u2013 A di\u00e1kmunka fogaskerekei\"}]},{\"@type\":\"WebSite\",\"@id\":\"https:\\\/\\\/www.eudiakok.hu\\\/blog\\\/#website\",\"url\":\"https:\\\/\\\/www.eudiakok.hu\\\/blog\\\/\",\"name\":\"euDI\u00c1KOK Blog\",\"description\":\"Sz\u00ednes h\u00edreink a di\u00e1kmunka vil\u00e1g\u00e1b\u00f3l\",\"publisher\":{\"@id\":\"https:\\\/\\\/www.eudiakok.hu\\\/blog\\\/#organization\"},\"potentialAction\":[{\"@type\":\"SearchAction\",\"target\":{\"@type\":\"EntryPoint\",\"urlTemplate\":\"https:\\\/\\\/www.eudiakok.hu\\\/blog\\\/?s={search_term_string}\"},\"query-input\":{\"@type\":\"PropertyValueSpecification\",\"valueRequired\":true,\"valueName\":\"search_term_string\"}}],\"inLanguage\":\"hu\"},{\"@type\":\"Organization\",\"@id\":\"https:\\\/\\\/www.eudiakok.hu\\\/blog\\\/#organization\",\"name\":\"euDI\u00c1KOK\",\"url\":\"https:\\\/\\\/www.eudiakok.hu\\\/blog\\\/\",\"logo\":{\"@type\":\"ImageObject\",\"inLanguage\":\"hu\",\"@id\":\"https:\\\/\\\/www.eudiakok.hu\\\/blog\\\/#\\\/schema\\\/logo\\\/image\\\/\",\"url\":\"https:\\\/\\\/www.eudiakok.hu\\\/blog\\\/wp-content\\\/uploads\\\/2021\\\/01\\\/eu-diakok.png\",\"contentUrl\":\"https:\\\/\\\/www.eudiakok.hu\\\/blog\\\/wp-content\\\/uploads\\\/2021\\\/01\\\/eu-diakok.png\",\"width\":1638,\"height\":960,\"caption\":\"euDI\u00c1KOK\"},\"image\":{\"@id\":\"https:\\\/\\\/www.eudiakok.hu\\\/blog\\\/#\\\/schema\\\/logo\\\/image\\\/\"},\"sameAs\":[\"https:\\\/\\\/www.facebook.com\\\/eudiakok\",\"https:\\\/\\\/www.instagram.com\\\/eudiakok_diakmunka\\\/\",\"https:\\\/\\\/www.youtube.com\\\/channel\\\/UCVqA-rbCcm8C6NbvcTdrFUg\"]},{\"@type\":\"Person\",\"@id\":\"https:\\\/\\\/www.eudiakok.hu\\\/blog\\\/#\\\/schema\\\/person\\\/170aa30623d39e8c44086918ce180237\",\"name\":\"euDI\u00c1KOK\",\"image\":{\"@type\":\"ImageObject\",\"inLanguage\":\"hu\",\"@id\":\"https:\\\/\\\/secure.gravatar.com\\\/avatar\\\/2eb494097c150c789197a89e6eec31f3723e1b6ed0c9645d728fd9d06a7d8205?s=96&d=mm&r=g\",\"url\":\"https:\\\/\\\/secure.gravatar.com\\\/avatar\\\/2eb494097c150c789197a89e6eec31f3723e1b6ed0c9645d728fd9d06a7d8205?s=96&d=mm&r=g\",\"contentUrl\":\"https:\\\/\\\/secure.gravatar.com\\\/avatar\\\/2eb494097c150c789197a89e6eec31f3723e1b6ed0c9645d728fd9d06a7d8205?s=96&d=mm&r=g\",\"caption\":\"euDI\u00c1KOK\"},\"description\":\"Az euDI\u00c1KOK Iskolasz\u00f6vetkezet a legjobb di\u00e1kmunk\u00e1kat k\u00edn\u00e1lja Neked, amib\u0151l kedvedre v\u00e1logathatsz! Jelentkezz m\u00e1r ak\u00e1r 15 \u00e9ves kort\u00f3l. Nem gond, ha nem a f\u0151v\u00e1rosban laksz, orsz\u00e1gszerte lehet\u0151s\u00e9get biztos\u00edtunk Neked a munk\u00e1ra.\",\"url\":\"https:\\\/\\\/www.eudiakok.hu\\\/blog\\\/author\\\/eudiakok\\\/\"}]}<\/script>\n<!-- \/ Yoast SEO plugin. -->","yoast_head_json":{"title":"Koordin\u00e1torok \u2013 A di\u00e1kmunka fogaskerekei - euDI\u00c1KOK Blog","robots":{"index":"index","follow":"follow","max-snippet":"max-snippet:-1","max-image-preview":"max-image-preview:large","max-video-preview":"max-video-preview:-1"},"canonical":"https:\/\/www.eudiakok.hu\/blog\/koordinatorok-a-diakmunka-fogaskerekei\/","og_locale":"hu_HU","og_type":"article","og_title":"Koordin\u00e1torok \u2013 A di\u00e1kmunka fogaskerekei - euDI\u00c1KOK Blog","og_description":"Mindig is vonzott a HR vil\u00e1ga? Esetleg \u00e9rdekl\u0151dsz a koordin\u00e1tori p\u00e1lya ir\u00e1nt? Vagy csak szeretn\u00e9d tudni, hogy milyen \u00fcgyekben keresheted a saj\u00e1t koordin\u00e1torodat?","og_url":"https:\/\/www.eudiakok.hu\/blog\/koordinatorok-a-diakmunka-fogaskerekei\/","og_site_name":"euDI\u00c1KOK Blog","article_publisher":"https:\/\/www.facebook.com\/eudiakok","article_published_time":"2023-05-11T08:03:59+00:00","article_modified_time":"2023-05-11T08:05:20+00:00","og_image":[{"width":1200,"height":630,"url":"https:\/\/www.eudiakok.hu\/blog\/wp-content\/uploads\/2023\/05\/eudiakok-diakmunkak-open-graph-0511.jpg","type":"image\/jpeg"}],"author":"euDI\u00c1KOK","twitter_card":"summary_large_image","twitter_misc":{"Szerz\u0151:":"euDI\u00c1KOK","Becs\u00fclt olvas\u00e1si id\u0151":"2 perc"},"schema":{"@context":"https:\/\/schema.org","@graph":[{"@type":"Article","@id":"https:\/\/www.eudiakok.hu\/blog\/koordinatorok-a-diakmunka-fogaskerekei\/#article","isPartOf":{"@id":"https:\/\/www.eudiakok.hu\/blog\/koordinatorok-a-diakmunka-fogaskerekei\/"},"author":{"name":"euDI\u00c1KOK","@id":"https:\/\/www.eudiakok.hu\/blog\/#\/schema\/person\/170aa30623d39e8c44086918ce180237"},"headline":"Koordin\u00e1torok \u2013 A di\u00e1kmunka fogaskerekei","datePublished":"2023-05-11T08:03:59+00:00","dateModified":"2023-05-11T08:05:20+00:00","mainEntityOfPage":{"@id":"https:\/\/www.eudiakok.hu\/blog\/koordinatorok-a-diakmunka-fogaskerekei\/"},"wordCount":584,"commentCount":0,"publisher":{"@id":"https:\/\/www.eudiakok.hu\/blog\/#organization"},"image":{"@id":"https:\/\/www.eudiakok.hu\/blog\/koordinatorok-a-diakmunka-fogaskerekei\/#primaryimage"},"thumbnailUrl":"https:\/\/www.eudiakok.hu\/blog\/wp-content\/uploads\/2023\/05\/eudiakok-diakmunkak-open-graph-0511.jpg","keywords":["Di\u00e1kmunka"],"articleSection":["euDI\u00c1KOK"],"inLanguage":"hu"},{"@type":"WebPage","@id":"https:\/\/www.eudiakok.hu\/blog\/koordinatorok-a-diakmunka-fogaskerekei\/","url":"https:\/\/www.eudiakok.hu\/blog\/koordinatorok-a-diakmunka-fogaskerekei\/","name":"Koordin\u00e1torok \u2013 A di\u00e1kmunka fogaskerekei - euDI\u00c1KOK Blog","isPartOf":{"@id":"https:\/\/www.eudiakok.hu\/blog\/#website"},"primaryImageOfPage":{"@id":"https:\/\/www.eudiakok.hu\/blog\/koordinatorok-a-diakmunka-fogaskerekei\/#primaryimage"},"image":{"@id":"https:\/\/www.eudiakok.hu\/blog\/koordinatorok-a-diakmunka-fogaskerekei\/#primaryimage"},"thumbnailUrl":"https:\/\/www.eudiakok.hu\/blog\/wp-content\/uploads\/2023\/05\/eudiakok-diakmunkak-open-graph-0511.jpg","datePublished":"2023-05-11T08:03:59+00:00","dateModified":"2023-05-11T08:05:20+00:00","breadcrumb":{"@id":"https:\/\/www.eudiakok.hu\/blog\/koordinatorok-a-diakmunka-fogaskerekei\/#breadcrumb"},"inLanguage":"hu","potentialAction":[{"@type":"ReadAction","target":["https:\/\/www.eudiakok.hu\/blog\/koordinatorok-a-diakmunka-fogaskerekei\/"]}]},{"@type":"ImageObject","inLanguage":"hu","@id":"https:\/\/www.eudiakok.hu\/blog\/koordinatorok-a-diakmunka-fogaskerekei\/#primaryimage","url":"https:\/\/www.eudiakok.hu\/blog\/wp-content\/uploads\/2023\/05\/eudiakok-diakmunkak-open-graph-0511.jpg","contentUrl":"https:\/\/www.eudiakok.hu\/blog\/wp-content\/uploads\/2023\/05\/eudiakok-diakmunkak-open-graph-0511.jpg","width":1200,"height":630},{"@type":"BreadcrumbList","@id":"https:\/\/www.eudiakok.hu\/blog\/koordinatorok-a-diakmunka-fogaskerekei\/#breadcrumb","itemListElement":[{"@type":"ListItem","position":1,"name":"Home","item":"https:\/\/www.eudiakok.hu\/blog\/"},{"@type":"ListItem","position":2,"name":"Koordin\u00e1torok \u2013 A di\u00e1kmunka fogaskerekei"}]},{"@type":"WebSite","@id":"https:\/\/www.eudiakok.hu\/blog\/#website","url":"https:\/\/www.eudiakok.hu\/blog\/","name":"euDI\u00c1KOK Blog","description":"Sz\u00ednes h\u00edreink a di\u00e1kmunka vil\u00e1g\u00e1b\u00f3l","publisher":{"@id":"https:\/\/www.eudiakok.hu\/blog\/#organization"},"potentialAction":[{"@type":"SearchAction","target":{"@type":"EntryPoint","urlTemplate":"https:\/\/www.eudiakok.hu\/blog\/?s={search_term_string}"},"query-input":{"@type":"PropertyValueSpecification","valueRequired":true,"valueName":"search_term_string"}}],"inLanguage":"hu"},{"@type":"Organization","@id":"https:\/\/www.eudiakok.hu\/blog\/#organization","name":"euDI\u00c1KOK","url":"https:\/\/www.eudiakok.hu\/blog\/","logo":{"@type":"ImageObject","inLanguage":"hu","@id":"https:\/\/www.eudiakok.hu\/blog\/#\/schema\/logo\/image\/","url":"https:\/\/www.eudiakok.hu\/blog\/wp-content\/uploads\/2021\/01\/eu-diakok.png","contentUrl":"https:\/\/www.eudiakok.hu\/blog\/wp-content\/uploads\/2021\/01\/eu-diakok.png","width":1638,"height":960,"caption":"euDI\u00c1KOK"},"image":{"@id":"https:\/\/www.eudiakok.hu\/blog\/#\/schema\/logo\/image\/"},"sameAs":["https:\/\/www.facebook.com\/eudiakok","https:\/\/www.instagram.com\/eudiakok_diakmunka\/","https:\/\/www.youtube.com\/channel\/UCVqA-rbCcm8C6NbvcTdrFUg"]},{"@type":"Person","@id":"https:\/\/www.eudiakok.hu\/blog\/#\/schema\/person\/170aa30623d39e8c44086918ce180237","name":"euDI\u00c1KOK","image":{"@type":"ImageObject","inLanguage":"hu","@id":"https:\/\/secure.gravatar.com\/avatar\/2eb494097c150c789197a89e6eec31f3723e1b6ed0c9645d728fd9d06a7d8205?s=96&d=mm&r=g","url":"https:\/\/secure.gravatar.com\/avatar\/2eb494097c150c789197a89e6eec31f3723e1b6ed0c9645d728fd9d06a7d8205?s=96&d=mm&r=g","contentUrl":"https:\/\/secure.gravatar.com\/avatar\/2eb494097c150c789197a89e6eec31f3723e1b6ed0c9645d728fd9d06a7d8205?s=96&d=mm&r=g","caption":"euDI\u00c1KOK"},"description":"Az euDI\u00c1KOK Iskolasz\u00f6vetkezet a legjobb di\u00e1kmunk\u00e1kat k\u00edn\u00e1lja Neked, amib\u0151l kedvedre v\u00e1logathatsz! Jelentkezz m\u00e1r ak\u00e1r 15 \u00e9ves kort\u00f3l. Nem gond, ha nem a f\u0151v\u00e1rosban laksz, orsz\u00e1gszerte lehet\u0151s\u00e9get biztos\u00edtunk Neked a munk\u00e1ra.","url":"https:\/\/www.eudiakok.hu\/blog\/author\/eudiakok\/"}]}},"_links":{"self":[{"href":"https:\/\/www.eudiakok.hu\/blog\/wp-json\/wp\/v2\/posts\/806","targetHints":{"allow":["GET"]}}],"collection":[{"href":"https:\/\/www.eudiakok.hu\/blog\/wp-json\/wp\/v2\/posts"}],"about":[{"href":"https:\/\/www.eudiakok.hu\/blog\/wp-json\/wp\/v2\/types\/post"}],"author":[{"embeddable":true,"href":"https:\/\/www.eudiakok.hu\/blog\/wp-json\/wp\/v2\/users\/3"}],"replies":[{"embeddable":true,"href":"https:\/\/www.eudiakok.hu\/blog\/wp-json\/wp\/v2\/comments?post=806"}],"version-history":[{"count":2,"href":"https:\/\/www.eudiakok.hu\/blog\/wp-json\/wp\/v2\/posts\/806\/revisions"}],"predecessor-version":[{"id":809,"href":"https:\/\/www.eudiakok.hu\/blog\/wp-json\/wp\/v2\/posts\/806\/revisions\/809"}],"wp:featuredmedia":[{"embeddable":true,"href":"https:\/\/www.eudiakok.hu\/blog\/wp-json\/wp\/v2\/media\/807"}],"wp:attachment":[{"href":"https:\/\/www.eudiakok.hu\/blog\/wp-json\/wp\/v2\/media?parent=806"}],"wp:term":[{"taxonomy":"category","embeddable":true,"href":"https:\/\/www.eudiakok.hu\/blog\/wp-json\/wp\/v2\/categories?post=806"},{"taxonomy":"post_tag","embeddable":true,"href":"https:\/\/www.eudiakok.hu\/blog\/wp-json\/wp\/v2\/tags?post=806"}],"curies":[{"name":"wp","href":"https:\/\/api.w.org\/{rel}","templated":true}]}}