{"id":713,"date":"2023-02-02T10:02:31","date_gmt":"2023-02-02T09:02:31","guid":{"rendered":"https:\/\/www.eudiakok.hu\/blog\/?p=713"},"modified":"2023-02-02T10:02:32","modified_gmt":"2023-02-02T09:02:32","slug":"februari-101-programajanlo-az-eudiakoktol","status":"publish","type":"post","link":"https:\/\/www.eudiakok.hu\/blog\/februari-101-programajanlo-az-eudiakoktol\/","title":{"rendered":"Febru\u00e1ri 10+1 programaj\u00e1nl\u00f3 az euDi\u00e1kokt\u00f3l"},"content":{"rendered":"\n<p>Emellett az \u00ednyencs\u00e9gek kedvel\u0151i sem fognak unatkozni, hiszen febru\u00e1rban a f\u00e1nkok\u00e9 lesz a f\u0151szerep. Nem volt\u00e1l m\u00e9g Moh\u00e1cson a Bus\u00f3 j\u00e1r\u00e1son? Itt az id\u0151, hogy p\u00f3tolj egy igazi hungarikumot!<\/p>\n\n\n\n<figure class=\"wp-block-image size-full is-resized\"><img decoding=\"async\" src=\"https:\/\/www.eudiakok.hu\/blog\/wp-content\/uploads\/2023\/02\/legor-kiallitas-budapest.png\" alt=\"\" class=\"wp-image-723\" width=\"150\" height=\"150\" srcset=\"https:\/\/www.eudiakok.hu\/blog\/wp-content\/uploads\/2023\/02\/legor-kiallitas-budapest.png 300w, https:\/\/www.eudiakok.hu\/blog\/wp-content\/uploads\/2023\/02\/legor-kiallitas-budapest-150x150.png 150w\" sizes=\"(max-width: 150px) 100vw, 150px\" \/><\/figure>\n\n\n\n<p><strong>1.) 2022. febru\u00e1r 4.<\/strong><\/p>\n\n\n\n<p>B\u00f6ng\u00e9szd \u00e1t a list\u00e1nkat \u00e9s v\u00e1lassz kedvedre k\u00f6z\u00fcl\u00fck, ne feledd magaddal vinni a di\u00e1kod, mert sok helyen kedvezm\u00e9nyesen v\u00e1s\u00e1rolhatsz jegyet.<\/p>\n\n\n\n<p>\u0150r\u00fcletes farsanggal b\u00facs\u00fazik a <strong>LEGO\u00ae ki\u00e1ll\u00edt\u00e1s<\/strong> Budapestt\u0151l. \u00c9rkezzetek a ki\u00e1ll\u00edt\u00e1sra jelmezben \u00e9s k\u00e9sz\u00edtsetek k\u00f6z\u00f6s fot\u00f3t az egyik szoborral!<strong><\/strong><\/p>\n\n\n\n<p>\ud83d\udccd<strong><u> Helysz\u00edn:<\/u><\/strong> Komplex, 1061 Budapest, Kir\u00e1ly u. 26.<br><strong><u>Jegyek:<\/u><\/strong> <a href=\"https:\/\/artofthebrick.hu\">https:\/\/artofthebrick.hu<\/a> vagy ak\u00e1r a helysz\u00ednen.<\/p>\n\n\n\n<figure class=\"wp-block-image size-full is-resized\"><img decoding=\"async\" src=\"https:\/\/www.eudiakok.hu\/blog\/wp-content\/uploads\/2023\/02\/mackofesztival-a-debreceni-allatkertben.png\" alt=\"\" class=\"wp-image-725\" width=\"150\" height=\"150\" srcset=\"https:\/\/www.eudiakok.hu\/blog\/wp-content\/uploads\/2023\/02\/mackofesztival-a-debreceni-allatkertben.png 300w, https:\/\/www.eudiakok.hu\/blog\/wp-content\/uploads\/2023\/02\/mackofesztival-a-debreceni-allatkertben-150x150.png 150w\" sizes=\"(max-width: 150px) 100vw, 150px\" \/><\/figure>\n\n\n\n<p><strong>2.) 2023. febru\u00e1r 2-5.<\/strong><\/p>\n\n\n\n<p><strong>Mack\u00f3fesztiv\u00e1l<\/strong> <strong>a<\/strong> <strong>Debreceni \u00c1llatkertben<\/strong> \u2013 \u00e1llatkerti bel\u00e9p\u0151vel valamennyi programelem ingyenes<\/p>\n\n\n\n<p><strong>\ud83d\udccd Helysz\u00edn: <\/strong>4032,Debrecen, Ady Endre \u00fat 1, 4032<br><strong><u>Tov\u00e1bbi inform\u00e1ci\u00f3:<\/u><\/strong> <a href=\"https:\/\/csodalatosmagyarorszag.hu\/programok\/csaladi\/mackofesztival-2023-debrecen\/\">https:\/\/csodalatosmagyarorszag.hu\/programok\/csaladi\/mackofesztival-2023-debrecen\/<\/a><\/p>\n\n\n\n<p><strong>3.) 2023. febru\u00e1r 3-5.<\/strong> k\u00f6z\u00f6tt ker\u00fcl megrendez\u00e9sre a <strong>Tatab\u00e1nyai B\u00f6ll\u00e9rfesztiv\u00e1l \u00e9s csal\u00e1di napok.<\/strong><\/p>\n\n\n\n<p>\ud83d\udccd<strong> Helysz\u00edn<\/strong>: Tatab\u00e1nya<br><strong><u>Tov\u00e1bbi inform\u00e1ci\u00f3:<\/u><\/strong> <a href=\"https:\/\/csodalatosmagyarorszag.hu\/programok\/gasztro-programok\/tatabanyai-bollerfesztival-es-csaladi-napok-2023\/\">https:\/\/csodalatosmagyarorszag.hu\/programok\/gasztro-programok\/tatabanyai-bollerfesztival-es-csaladi-napok-2023\/<\/a><\/p>\n\n\n\n<figure class=\"wp-block-image size-full is-resized\"><img decoding=\"async\" src=\"https:\/\/www.eudiakok.hu\/blog\/wp-content\/uploads\/2023\/02\/budapesti-nemzetkozi-cirkuszfesztival.png\" alt=\"\" class=\"wp-image-727\" width=\"150\" height=\"150\" srcset=\"https:\/\/www.eudiakok.hu\/blog\/wp-content\/uploads\/2023\/02\/budapesti-nemzetkozi-cirkuszfesztival.png 300w, https:\/\/www.eudiakok.hu\/blog\/wp-content\/uploads\/2023\/02\/budapesti-nemzetkozi-cirkuszfesztival-150x150.png 150w\" sizes=\"(max-width: 150px) 100vw, 150px\" \/><\/figure>\n\n\n\n<p><strong>4.) 2023. febru\u00e1r 2-6.<\/strong> <\/p>\n\n\n\n<p><strong>Budapesti Nemzetk\u00f6zi Cirkuszfesztiv\u00e1l<\/strong><\/p>\n\n\n\n<p>\ud83d\udccd <strong>Helysz\u00edn:<\/strong> Budapest<br>Jegyek hamarosan!<br><strong><u>Tov\u00e1bbi inform\u00e1ci\u00f3:<\/u><\/strong><a href=\"https:\/\/kulturaonline.hu\/budapest_nemzetkozi_cirkuszfesztival_2023_jegyek_hamarosan_12868\"> https:\/\/kulturaonline.hu\/budapest_nemzetkozi_cirkuszfesztival_2023_jegyek_hamarosan_12868<\/a><\/p>\n\n\n\n<p><strong>5.) 2023. febru\u00e1r 10.<\/strong><\/p>\n\n\n\n<p><strong>Buszos parkt\u00f6rt\u00e9neti s\u00e9ta<\/strong> a Ligetben \u2013 Id\u0151utaz\u00e1s n\u00e9gyker\u00e9ken<\/p>\n\n\n\n<p>Febru\u00e1rban szombatonk\u00e9nt ism\u00e9t folytat\u00f3dik a hagyom\u00e1ny, mely kalandos id\u0151utaz\u00e1sra invit\u00e1l a Liget berkeibe. Ez\u00fattal buszra pattanva ismerhetj\u00fck meg a V\u00e1rosliget m\u00faltj\u00e1t, t\u00f6rt\u00e9neteit \u00e9s int\u00e9zm\u00e9nyeit, anekdot\u00e1kon kereszt\u00fcl leshet\u00fcnk be a V\u00e1rosliget mindig ny\u00fczsg\u0151 \u00e9let\u00e9nek kiemelked\u0151 id\u0151szakaiba.<\/p>\n\n\n\n<p>\ud83d\udccd <strong>Tal\u00e1lkoz\u00e1si pont: <\/strong>Millennium H\u00e1za<br><strong><u>Tov\u00e1bbi inform\u00e1ci\u00f3:<\/u><\/strong> <\/p>\n\n\n\n<figure class=\"wp-block-image size-full is-resized\"><img decoding=\"async\" src=\"https:\/\/www.eudiakok.hu\/blog\/wp-content\/uploads\/2023\/02\/valentin-napi-ejszakai-furdozes-az-aquaworldben.png\" alt=\"\" class=\"wp-image-729\" width=\"150\" height=\"150\" srcset=\"https:\/\/www.eudiakok.hu\/blog\/wp-content\/uploads\/2023\/02\/valentin-napi-ejszakai-furdozes-az-aquaworldben.png 300w, https:\/\/www.eudiakok.hu\/blog\/wp-content\/uploads\/2023\/02\/valentin-napi-ejszakai-furdozes-az-aquaworldben-150x150.png 150w\" sizes=\"(max-width: 150px) 100vw, 150px\" \/><\/figure>\n\n\n\n<p><strong>6.) 2023. febru\u00e1r 11.<\/strong><\/p>\n\n\n\n<p>Valentin-napi \u00e9jszakai f\u00fcrd\u0151z\u00e9s <strong>az Aquaworldben<\/strong><\/p>\n\n\n\n<p>Valentin-nap alkalm\u00e1b\u00f3l \u00e9jszakai f\u00fcrd\u0151z\u00e9sre invit\u00e1lnak benneteket az Aquaworld belt\u00e9ri medenc\u00e9i k\u00f6z\u00e9. A kulcssz\u00f3 a romantika, de \u00e9rkezhettek p\u00e1rban \u00e9s egyed\u00fcl is, hiszen az ismerked\u00e9s sincs kiz\u00e1rva. Az est sor\u00e1n v\u00e9gig DJ szolg\u00e1ltatja a zen\u00e9t, lesz romantikus fot\u00f3z\u00e1s, t\u00e1nc- \u00e9s t\u0171zvar\u00e1zsshow is, \u00e9s persze v\u00e1r a 11 \u00f3ri\u00e1scs\u00faszda, \u00e9lm\u00e9nymedenc\u00e9k, jacuzzik \u00e9s szaun\u00e1k.<\/p>\n\n\n\n<p>\ud83d\udccd <strong>Helysz\u00edn:<\/strong> Budapest, \u00cdves \u00fat 16, 1044<br><strong><u>Tov\u00e1bbi inform\u00e1ci\u00f3 \u00e9s jegyek:<\/u> \u00a0<\/strong><a href=\"https:\/\/www.facebook.com\/events\/653685743202492\">https:\/\/www.facebook.com\/events\/653685743202492<\/a><\/p>\n\n\n\n<p><strong>7.) 2023. febru\u00e1r 12.<\/strong><\/p>\n\n\n\n<p><strong>KISKERTPIAC \u2013 z\u00f6ld szerelem vas\u00e1rnap<\/strong><\/p>\n\n\n\n<p>Az \u00e9v els\u0151 kiskertpiaca imm\u00e1r sokadik \u00e9ve a szerelemr\u0151l sz\u00f3l! Az Anker k\u00f6zben, a MADHOUSE terasz\u00e1n \u00e9s bels\u0151 tereiben a ki\u00e1ll\u00edt\u00f3k k\u00fcl\u00f6nleges, \u201eszerelmes\u201d k\u00edn\u00e1lattal v\u00e1rnak Benneteket, hogy egy kicsit \u00fcnnepelj\u00e9tek a szerelmet!<\/p>\n\n\n\n<p>\ud83d\udccd <strong>Helysz\u00edn:<\/strong> Budapest, Ankert k\u00f6z<br><strong><u>Tov\u00e1bbi inform\u00e1ci\u00f3:<\/u> \u00a0<\/strong><a href=\"https:\/\/www.facebook.com\/events\/779707803714934\/\">https:\/\/www.facebook.com\/events\/779707803714934\/<\/a><\/p>\n\n\n\n<p><strong>8.) 2023. febru\u00e1r 16-21.<\/strong><\/p>\n\n\n\n<p><strong>Bus\u00f3j\u00e1r\u00e1s<\/strong><\/p>\n\n\n\n<p>\ud83d\udccd<strong> Helysz\u00edn:<\/strong> Moh\u00e1cs<br><strong><u>Tov\u00e1bbi inform\u00e1ci\u00f3:<\/u><\/strong> <a href=\"https:\/\/csodalatosmagyarorszag.hu\/programok\/fesztival-koncert\/mohacsi-busojaras-2023\/\">https:\/\/csodalatosmagyarorszag.hu\/programok\/fesztival-koncert\/mohacsi-busojaras-2023\/<\/a><\/p>\n\n\n\n<figure class=\"wp-block-image size-full is-resized\"><img decoding=\"async\" src=\"https:\/\/www.eudiakok.hu\/blog\/wp-content\/uploads\/2023\/02\/xv-orszagos-farsangi-fankfesztival.png\" alt=\"\" class=\"wp-image-731\" width=\"150\" height=\"150\" srcset=\"https:\/\/www.eudiakok.hu\/blog\/wp-content\/uploads\/2023\/02\/xv-orszagos-farsangi-fankfesztival.png 300w, https:\/\/www.eudiakok.hu\/blog\/wp-content\/uploads\/2023\/02\/xv-orszagos-farsangi-fankfesztival-150x150.png 150w\" sizes=\"(max-width: 150px) 100vw, 150px\" \/><\/figure>\n\n\n\n<p><strong>9.) 2023. febru\u00e1r 17-18.<\/strong><\/p>\n\n\n\n<p><strong>XV. Orsz\u00e1gos Farsangi F\u00e1nkfesztiv\u00e1l<\/strong><\/p>\n\n\n\n<p>\ud83d\udccd<strong> Helysz\u00edn:<\/strong> Nagykanizsa<br><strong><u>Tov\u00e1bbi inform\u00e1ci\u00f3k<\/u>: <\/strong><a href=\"http:\/\/farsangifankfesztival.hu\/\">http:\/\/farsangifankfesztival.hu\/<\/a><\/p>\n\n\n\n<figure class=\"wp-block-image size-full is-resized\"><img decoding=\"async\" src=\"https:\/\/www.eudiakok.hu\/blog\/wp-content\/uploads\/2023\/02\/a-koszegi-farsangfarka-esemeny.png\" alt=\"\" class=\"wp-image-733\" width=\"150\" height=\"150\" srcset=\"https:\/\/www.eudiakok.hu\/blog\/wp-content\/uploads\/2023\/02\/a-koszegi-farsangfarka-esemeny.png 300w, https:\/\/www.eudiakok.hu\/blog\/wp-content\/uploads\/2023\/02\/a-koszegi-farsangfarka-esemeny-150x150.png 150w\" sizes=\"(max-width: 150px) 100vw, 150px\" \/><\/figure>\n\n\n\n<p><strong>10.) 2023. febru\u00e1r 21.<\/strong><\/p>\n\n\n\n<p><strong>A K\u0151szegi Farsangfarka esem\u00e9ny keret\u00e9ben <\/strong>jelmezesek lepik el a v\u00e1ros utc\u00e1it \u00e9s \u00e9p\u00fcleteit.<\/p>\n\n\n\n<p>\ud83d\udccd<strong> Helysz\u00edn:<\/strong> K\u0151szeg<br><strong><u>Tov\u00e1bbi inform\u00e1ci\u00f3: <\/u><\/strong><a href=\"https:\/\/csodalatosmagyarorszag.hu\/programok\/csaladi\/koszegi-farsangfarka-2023\/\">https:\/\/csodalatosmagyarorszag.hu\/programok\/csaladi\/koszegi-farsangfarka-2023\/<\/a><\/p>\n\n\n\n<p><strong>+1) 2023. febru\u00e1r 25<\/strong>-\u00e9n m\u00e1sodik alkalommal rendezik meg <strong>Cs\u00f6r\u00f6g\u00f6n a Cs\u00f6r\u00f6gef\u00e1nk<\/strong> Fesztiv\u00e1lt.<\/p>\n\n\n\n<p>\ud83d\udccd<strong> Helysz\u00edn:<\/strong> Cs\u00f6r\u00f6g<br><strong><u>Tov\u00e1bbi inform\u00e1ci\u00f3:<\/u><\/strong> <a href=\"https:\/\/csodalatosmagyarorszag.hu\/programok\/gasztro-programok\/csorogi-csorogefank-fesztival-2023\/\">https:\/\/csodalatosmagyarorszag.hu\/programok\/gasztro-programok\/csorogi-csorogefank-fesztival-2023\/<\/a><\/p>\n\n\n\n<p>Az esem\u00e9ny 14 \u00f3rakor kezd\u0151dik a Kossuth utc\u00e1ban.<\/p>\n","protected":false},"excerpt":{"rendered":"<p>Izgalmas programokkal k\u00f6sz\u00f6n el a t\u00e9l utols\u00f3 h\u00f3napja t\u0151l\u00fcnk. Aki szereti a jelmezeket \u00e9s nem volt el\u00e9g a Halloween, most \u00fajra megcsillogtathatja kreativit\u00e1s\u00e1t, mert t\u00f6bb farsangi esem\u00e9ny k\u00f6z\u00fcl is v\u00e1logathat. <\/p>\n","protected":false},"author":3,"featured_media":714,"comment_status":"open","ping_status":"closed","sticky":false,"template":"","format":"standard","meta":{"_acf_changed":false,"footnotes":""},"categories":[8,6],"tags":[10],"class_list":["post-713","post","type-post","status-publish","format-standard","has-post-thumbnail","hentry","category-eudiakok","category-szabadido","tag-eudiakok"],"acf":[],"yoast_head":"<!-- This site is optimized with the Yoast SEO plugin v27.5 - https:\/\/yoast.com\/product\/yoast-seo-wordpress\/ -->\n<title>Febru\u00e1ri 10+1 programaj\u00e1nl\u00f3 az euDi\u00e1kokt\u00f3l - euDI\u00c1KOK Blog<\/title>\n<meta name=\"robots\" content=\"index, follow, max-snippet:-1, max-image-preview:large, max-video-preview:-1\" \/>\n<link rel=\"canonical\" href=\"https:\/\/www.eudiakok.hu\/blog\/februari-101-programajanlo-az-eudiakoktol\/\" \/>\n<meta property=\"og:locale\" content=\"hu_HU\" \/>\n<meta property=\"og:type\" content=\"article\" \/>\n<meta property=\"og:title\" content=\"Febru\u00e1ri 10+1 programaj\u00e1nl\u00f3 az euDi\u00e1kokt\u00f3l - euDI\u00c1KOK Blog\" \/>\n<meta property=\"og:description\" content=\"Izgalmas programokkal k\u00f6sz\u00f6n el a t\u00e9l utols\u00f3 h\u00f3napja t\u0151l\u00fcnk. Aki szereti a jelmezeket \u00e9s nem volt el\u00e9g a Halloween, most \u00fajra megcsillogtathatja kreativit\u00e1s\u00e1t, mert t\u00f6bb farsangi esem\u00e9ny k\u00f6z\u00fcl is v\u00e1logathat.\" \/>\n<meta property=\"og:url\" content=\"https:\/\/www.eudiakok.hu\/blog\/februari-101-programajanlo-az-eudiakoktol\/\" \/>\n<meta property=\"og:site_name\" content=\"euDI\u00c1KOK Blog\" \/>\n<meta property=\"article:publisher\" content=\"https:\/\/www.facebook.com\/eudiakok\" \/>\n<meta property=\"article:published_time\" content=\"2023-02-02T09:02:31+00:00\" \/>\n<meta property=\"article:modified_time\" content=\"2023-02-02T09:02:32+00:00\" \/>\n<meta property=\"og:image\" content=\"https:\/\/www.eudiakok.hu\/blog\/wp-content\/uploads\/2023\/02\/eudiakok-diakmunkak-open-graph-0201.jpg\" \/>\n\t<meta property=\"og:image:width\" content=\"1200\" \/>\n\t<meta property=\"og:image:height\" content=\"630\" \/>\n\t<meta property=\"og:image:type\" content=\"image\/jpeg\" \/>\n<meta name=\"author\" content=\"euDI\u00c1KOK\" \/>\n<meta name=\"twitter:card\" content=\"summary_large_image\" \/>\n<meta name=\"twitter:label1\" content=\"Szerz\u0151:\" \/>\n\t<meta name=\"twitter:data1\" content=\"euDI\u00c1KOK\" \/>\n\t<meta name=\"twitter:label2\" content=\"Becs\u00fclt olvas\u00e1si id\u0151\" \/>\n\t<meta name=\"twitter:data2\" content=\"4 perc\" \/>\n<script type=\"application\/ld+json\" class=\"yoast-schema-graph\">{\"@context\":\"https:\\\/\\\/schema.org\",\"@graph\":[{\"@type\":\"Article\",\"@id\":\"https:\\\/\\\/www.eudiakok.hu\\\/blog\\\/februari-101-programajanlo-az-eudiakoktol\\\/#article\",\"isPartOf\":{\"@id\":\"https:\\\/\\\/www.eudiakok.hu\\\/blog\\\/februari-101-programajanlo-az-eudiakoktol\\\/\"},\"author\":{\"name\":\"euDI\u00c1KOK\",\"@id\":\"https:\\\/\\\/www.eudiakok.hu\\\/blog\\\/#\\\/schema\\\/person\\\/170aa30623d39e8c44086918ce180237\"},\"headline\":\"Febru\u00e1ri 10+1 programaj\u00e1nl\u00f3 az euDi\u00e1kokt\u00f3l\",\"datePublished\":\"2023-02-02T09:02:31+00:00\",\"dateModified\":\"2023-02-02T09:02:32+00:00\",\"mainEntityOfPage\":{\"@id\":\"https:\\\/\\\/www.eudiakok.hu\\\/blog\\\/februari-101-programajanlo-az-eudiakoktol\\\/\"},\"wordCount\":604,\"commentCount\":0,\"publisher\":{\"@id\":\"https:\\\/\\\/www.eudiakok.hu\\\/blog\\\/#organization\"},\"image\":{\"@id\":\"https:\\\/\\\/www.eudiakok.hu\\\/blog\\\/februari-101-programajanlo-az-eudiakoktol\\\/#primaryimage\"},\"thumbnailUrl\":\"https:\\\/\\\/www.eudiakok.hu\\\/blog\\\/wp-content\\\/uploads\\\/2023\\\/02\\\/eudiakok-diakmunkak-open-graph-0201.jpg\",\"keywords\":[\"eudi\u00e1kok\"],\"articleSection\":[\"euDI\u00c1KOK\",\"Szabadid\u0151\"],\"inLanguage\":\"hu\"},{\"@type\":\"WebPage\",\"@id\":\"https:\\\/\\\/www.eudiakok.hu\\\/blog\\\/februari-101-programajanlo-az-eudiakoktol\\\/\",\"url\":\"https:\\\/\\\/www.eudiakok.hu\\\/blog\\\/februari-101-programajanlo-az-eudiakoktol\\\/\",\"name\":\"Febru\u00e1ri 10+1 programaj\u00e1nl\u00f3 az euDi\u00e1kokt\u00f3l - euDI\u00c1KOK Blog\",\"isPartOf\":{\"@id\":\"https:\\\/\\\/www.eudiakok.hu\\\/blog\\\/#website\"},\"primaryImageOfPage\":{\"@id\":\"https:\\\/\\\/www.eudiakok.hu\\\/blog\\\/februari-101-programajanlo-az-eudiakoktol\\\/#primaryimage\"},\"image\":{\"@id\":\"https:\\\/\\\/www.eudiakok.hu\\\/blog\\\/februari-101-programajanlo-az-eudiakoktol\\\/#primaryimage\"},\"thumbnailUrl\":\"https:\\\/\\\/www.eudiakok.hu\\\/blog\\\/wp-content\\\/uploads\\\/2023\\\/02\\\/eudiakok-diakmunkak-open-graph-0201.jpg\",\"datePublished\":\"2023-02-02T09:02:31+00:00\",\"dateModified\":\"2023-02-02T09:02:32+00:00\",\"breadcrumb\":{\"@id\":\"https:\\\/\\\/www.eudiakok.hu\\\/blog\\\/februari-101-programajanlo-az-eudiakoktol\\\/#breadcrumb\"},\"inLanguage\":\"hu\",\"potentialAction\":[{\"@type\":\"ReadAction\",\"target\":[\"https:\\\/\\\/www.eudiakok.hu\\\/blog\\\/februari-101-programajanlo-az-eudiakoktol\\\/\"]}]},{\"@type\":\"ImageObject\",\"inLanguage\":\"hu\",\"@id\":\"https:\\\/\\\/www.eudiakok.hu\\\/blog\\\/februari-101-programajanlo-az-eudiakoktol\\\/#primaryimage\",\"url\":\"https:\\\/\\\/www.eudiakok.hu\\\/blog\\\/wp-content\\\/uploads\\\/2023\\\/02\\\/eudiakok-diakmunkak-open-graph-0201.jpg\",\"contentUrl\":\"https:\\\/\\\/www.eudiakok.hu\\\/blog\\\/wp-content\\\/uploads\\\/2023\\\/02\\\/eudiakok-diakmunkak-open-graph-0201.jpg\",\"width\":1200,\"height\":630},{\"@type\":\"BreadcrumbList\",\"@id\":\"https:\\\/\\\/www.eudiakok.hu\\\/blog\\\/februari-101-programajanlo-az-eudiakoktol\\\/#breadcrumb\",\"itemListElement\":[{\"@type\":\"ListItem\",\"position\":1,\"name\":\"Home\",\"item\":\"https:\\\/\\\/www.eudiakok.hu\\\/blog\\\/\"},{\"@type\":\"ListItem\",\"position\":2,\"name\":\"Febru\u00e1ri 10+1 programaj\u00e1nl\u00f3 az euDi\u00e1kokt\u00f3l\"}]},{\"@type\":\"WebSite\",\"@id\":\"https:\\\/\\\/www.eudiakok.hu\\\/blog\\\/#website\",\"url\":\"https:\\\/\\\/www.eudiakok.hu\\\/blog\\\/\",\"name\":\"euDI\u00c1KOK Blog\",\"description\":\"Sz\u00ednes h\u00edreink a di\u00e1kmunka vil\u00e1g\u00e1b\u00f3l\",\"publisher\":{\"@id\":\"https:\\\/\\\/www.eudiakok.hu\\\/blog\\\/#organization\"},\"potentialAction\":[{\"@type\":\"SearchAction\",\"target\":{\"@type\":\"EntryPoint\",\"urlTemplate\":\"https:\\\/\\\/www.eudiakok.hu\\\/blog\\\/?s={search_term_string}\"},\"query-input\":{\"@type\":\"PropertyValueSpecification\",\"valueRequired\":true,\"valueName\":\"search_term_string\"}}],\"inLanguage\":\"hu\"},{\"@type\":\"Organization\",\"@id\":\"https:\\\/\\\/www.eudiakok.hu\\\/blog\\\/#organization\",\"name\":\"euDI\u00c1KOK\",\"url\":\"https:\\\/\\\/www.eudiakok.hu\\\/blog\\\/\",\"logo\":{\"@type\":\"ImageObject\",\"inLanguage\":\"hu\",\"@id\":\"https:\\\/\\\/www.eudiakok.hu\\\/blog\\\/#\\\/schema\\\/logo\\\/image\\\/\",\"url\":\"https:\\\/\\\/www.eudiakok.hu\\\/blog\\\/wp-content\\\/uploads\\\/2021\\\/01\\\/eu-diakok.png\",\"contentUrl\":\"https:\\\/\\\/www.eudiakok.hu\\\/blog\\\/wp-content\\\/uploads\\\/2021\\\/01\\\/eu-diakok.png\",\"width\":1638,\"height\":960,\"caption\":\"euDI\u00c1KOK\"},\"image\":{\"@id\":\"https:\\\/\\\/www.eudiakok.hu\\\/blog\\\/#\\\/schema\\\/logo\\\/image\\\/\"},\"sameAs\":[\"https:\\\/\\\/www.facebook.com\\\/eudiakok\",\"https:\\\/\\\/www.instagram.com\\\/eudiakok_diakmunka\\\/\",\"https:\\\/\\\/www.youtube.com\\\/channel\\\/UCVqA-rbCcm8C6NbvcTdrFUg\"]},{\"@type\":\"Person\",\"@id\":\"https:\\\/\\\/www.eudiakok.hu\\\/blog\\\/#\\\/schema\\\/person\\\/170aa30623d39e8c44086918ce180237\",\"name\":\"euDI\u00c1KOK\",\"image\":{\"@type\":\"ImageObject\",\"inLanguage\":\"hu\",\"@id\":\"https:\\\/\\\/secure.gravatar.com\\\/avatar\\\/2eb494097c150c789197a89e6eec31f3723e1b6ed0c9645d728fd9d06a7d8205?s=96&d=mm&r=g\",\"url\":\"https:\\\/\\\/secure.gravatar.com\\\/avatar\\\/2eb494097c150c789197a89e6eec31f3723e1b6ed0c9645d728fd9d06a7d8205?s=96&d=mm&r=g\",\"contentUrl\":\"https:\\\/\\\/secure.gravatar.com\\\/avatar\\\/2eb494097c150c789197a89e6eec31f3723e1b6ed0c9645d728fd9d06a7d8205?s=96&d=mm&r=g\",\"caption\":\"euDI\u00c1KOK\"},\"description\":\"Az euDI\u00c1KOK Iskolasz\u00f6vetkezet a legjobb di\u00e1kmunk\u00e1kat k\u00edn\u00e1lja Neked, amib\u0151l kedvedre v\u00e1logathatsz! Jelentkezz m\u00e1r ak\u00e1r 15 \u00e9ves kort\u00f3l. Nem gond, ha nem a f\u0151v\u00e1rosban laksz, orsz\u00e1gszerte lehet\u0151s\u00e9get biztos\u00edtunk Neked a munk\u00e1ra.\",\"url\":\"https:\\\/\\\/www.eudiakok.hu\\\/blog\\\/author\\\/eudiakok\\\/\"}]}<\/script>\n<!-- \/ Yoast SEO plugin. -->","yoast_head_json":{"title":"Febru\u00e1ri 10+1 programaj\u00e1nl\u00f3 az euDi\u00e1kokt\u00f3l - euDI\u00c1KOK Blog","robots":{"index":"index","follow":"follow","max-snippet":"max-snippet:-1","max-image-preview":"max-image-preview:large","max-video-preview":"max-video-preview:-1"},"canonical":"https:\/\/www.eudiakok.hu\/blog\/februari-101-programajanlo-az-eudiakoktol\/","og_locale":"hu_HU","og_type":"article","og_title":"Febru\u00e1ri 10+1 programaj\u00e1nl\u00f3 az euDi\u00e1kokt\u00f3l - euDI\u00c1KOK Blog","og_description":"Izgalmas programokkal k\u00f6sz\u00f6n el a t\u00e9l utols\u00f3 h\u00f3napja t\u0151l\u00fcnk. Aki szereti a jelmezeket \u00e9s nem volt el\u00e9g a Halloween, most \u00fajra megcsillogtathatja kreativit\u00e1s\u00e1t, mert t\u00f6bb farsangi esem\u00e9ny k\u00f6z\u00fcl is v\u00e1logathat.","og_url":"https:\/\/www.eudiakok.hu\/blog\/februari-101-programajanlo-az-eudiakoktol\/","og_site_name":"euDI\u00c1KOK Blog","article_publisher":"https:\/\/www.facebook.com\/eudiakok","article_published_time":"2023-02-02T09:02:31+00:00","article_modified_time":"2023-02-02T09:02:32+00:00","og_image":[{"width":1200,"height":630,"url":"https:\/\/www.eudiakok.hu\/blog\/wp-content\/uploads\/2023\/02\/eudiakok-diakmunkak-open-graph-0201.jpg","type":"image\/jpeg"}],"author":"euDI\u00c1KOK","twitter_card":"summary_large_image","twitter_misc":{"Szerz\u0151:":"euDI\u00c1KOK","Becs\u00fclt olvas\u00e1si id\u0151":"4 perc"},"schema":{"@context":"https:\/\/schema.org","@graph":[{"@type":"Article","@id":"https:\/\/www.eudiakok.hu\/blog\/februari-101-programajanlo-az-eudiakoktol\/#article","isPartOf":{"@id":"https:\/\/www.eudiakok.hu\/blog\/februari-101-programajanlo-az-eudiakoktol\/"},"author":{"name":"euDI\u00c1KOK","@id":"https:\/\/www.eudiakok.hu\/blog\/#\/schema\/person\/170aa30623d39e8c44086918ce180237"},"headline":"Febru\u00e1ri 10+1 programaj\u00e1nl\u00f3 az euDi\u00e1kokt\u00f3l","datePublished":"2023-02-02T09:02:31+00:00","dateModified":"2023-02-02T09:02:32+00:00","mainEntityOfPage":{"@id":"https:\/\/www.eudiakok.hu\/blog\/februari-101-programajanlo-az-eudiakoktol\/"},"wordCount":604,"commentCount":0,"publisher":{"@id":"https:\/\/www.eudiakok.hu\/blog\/#organization"},"image":{"@id":"https:\/\/www.eudiakok.hu\/blog\/februari-101-programajanlo-az-eudiakoktol\/#primaryimage"},"thumbnailUrl":"https:\/\/www.eudiakok.hu\/blog\/wp-content\/uploads\/2023\/02\/eudiakok-diakmunkak-open-graph-0201.jpg","keywords":["eudi\u00e1kok"],"articleSection":["euDI\u00c1KOK","Szabadid\u0151"],"inLanguage":"hu"},{"@type":"WebPage","@id":"https:\/\/www.eudiakok.hu\/blog\/februari-101-programajanlo-az-eudiakoktol\/","url":"https:\/\/www.eudiakok.hu\/blog\/februari-101-programajanlo-az-eudiakoktol\/","name":"Febru\u00e1ri 10+1 programaj\u00e1nl\u00f3 az euDi\u00e1kokt\u00f3l - euDI\u00c1KOK Blog","isPartOf":{"@id":"https:\/\/www.eudiakok.hu\/blog\/#website"},"primaryImageOfPage":{"@id":"https:\/\/www.eudiakok.hu\/blog\/februari-101-programajanlo-az-eudiakoktol\/#primaryimage"},"image":{"@id":"https:\/\/www.eudiakok.hu\/blog\/februari-101-programajanlo-az-eudiakoktol\/#primaryimage"},"thumbnailUrl":"https:\/\/www.eudiakok.hu\/blog\/wp-content\/uploads\/2023\/02\/eudiakok-diakmunkak-open-graph-0201.jpg","datePublished":"2023-02-02T09:02:31+00:00","dateModified":"2023-02-02T09:02:32+00:00","breadcrumb":{"@id":"https:\/\/www.eudiakok.hu\/blog\/februari-101-programajanlo-az-eudiakoktol\/#breadcrumb"},"inLanguage":"hu","potentialAction":[{"@type":"ReadAction","target":["https:\/\/www.eudiakok.hu\/blog\/februari-101-programajanlo-az-eudiakoktol\/"]}]},{"@type":"ImageObject","inLanguage":"hu","@id":"https:\/\/www.eudiakok.hu\/blog\/februari-101-programajanlo-az-eudiakoktol\/#primaryimage","url":"https:\/\/www.eudiakok.hu\/blog\/wp-content\/uploads\/2023\/02\/eudiakok-diakmunkak-open-graph-0201.jpg","contentUrl":"https:\/\/www.eudiakok.hu\/blog\/wp-content\/uploads\/2023\/02\/eudiakok-diakmunkak-open-graph-0201.jpg","width":1200,"height":630},{"@type":"BreadcrumbList","@id":"https:\/\/www.eudiakok.hu\/blog\/februari-101-programajanlo-az-eudiakoktol\/#breadcrumb","itemListElement":[{"@type":"ListItem","position":1,"name":"Home","item":"https:\/\/www.eudiakok.hu\/blog\/"},{"@type":"ListItem","position":2,"name":"Febru\u00e1ri 10+1 programaj\u00e1nl\u00f3 az euDi\u00e1kokt\u00f3l"}]},{"@type":"WebSite","@id":"https:\/\/www.eudiakok.hu\/blog\/#website","url":"https:\/\/www.eudiakok.hu\/blog\/","name":"euDI\u00c1KOK Blog","description":"Sz\u00ednes h\u00edreink a di\u00e1kmunka vil\u00e1g\u00e1b\u00f3l","publisher":{"@id":"https:\/\/www.eudiakok.hu\/blog\/#organization"},"potentialAction":[{"@type":"SearchAction","target":{"@type":"EntryPoint","urlTemplate":"https:\/\/www.eudiakok.hu\/blog\/?s={search_term_string}"},"query-input":{"@type":"PropertyValueSpecification","valueRequired":true,"valueName":"search_term_string"}}],"inLanguage":"hu"},{"@type":"Organization","@id":"https:\/\/www.eudiakok.hu\/blog\/#organization","name":"euDI\u00c1KOK","url":"https:\/\/www.eudiakok.hu\/blog\/","logo":{"@type":"ImageObject","inLanguage":"hu","@id":"https:\/\/www.eudiakok.hu\/blog\/#\/schema\/logo\/image\/","url":"https:\/\/www.eudiakok.hu\/blog\/wp-content\/uploads\/2021\/01\/eu-diakok.png","contentUrl":"https:\/\/www.eudiakok.hu\/blog\/wp-content\/uploads\/2021\/01\/eu-diakok.png","width":1638,"height":960,"caption":"euDI\u00c1KOK"},"image":{"@id":"https:\/\/www.eudiakok.hu\/blog\/#\/schema\/logo\/image\/"},"sameAs":["https:\/\/www.facebook.com\/eudiakok","https:\/\/www.instagram.com\/eudiakok_diakmunka\/","https:\/\/www.youtube.com\/channel\/UCVqA-rbCcm8C6NbvcTdrFUg"]},{"@type":"Person","@id":"https:\/\/www.eudiakok.hu\/blog\/#\/schema\/person\/170aa30623d39e8c44086918ce180237","name":"euDI\u00c1KOK","image":{"@type":"ImageObject","inLanguage":"hu","@id":"https:\/\/secure.gravatar.com\/avatar\/2eb494097c150c789197a89e6eec31f3723e1b6ed0c9645d728fd9d06a7d8205?s=96&d=mm&r=g","url":"https:\/\/secure.gravatar.com\/avatar\/2eb494097c150c789197a89e6eec31f3723e1b6ed0c9645d728fd9d06a7d8205?s=96&d=mm&r=g","contentUrl":"https:\/\/secure.gravatar.com\/avatar\/2eb494097c150c789197a89e6eec31f3723e1b6ed0c9645d728fd9d06a7d8205?s=96&d=mm&r=g","caption":"euDI\u00c1KOK"},"description":"Az euDI\u00c1KOK Iskolasz\u00f6vetkezet a legjobb di\u00e1kmunk\u00e1kat k\u00edn\u00e1lja Neked, amib\u0151l kedvedre v\u00e1logathatsz! Jelentkezz m\u00e1r ak\u00e1r 15 \u00e9ves kort\u00f3l. Nem gond, ha nem a f\u0151v\u00e1rosban laksz, orsz\u00e1gszerte lehet\u0151s\u00e9get biztos\u00edtunk Neked a munk\u00e1ra.","url":"https:\/\/www.eudiakok.hu\/blog\/author\/eudiakok\/"}]}},"_links":{"self":[{"href":"https:\/\/www.eudiakok.hu\/blog\/wp-json\/wp\/v2\/posts\/713","targetHints":{"allow":["GET"]}}],"collection":[{"href":"https:\/\/www.eudiakok.hu\/blog\/wp-json\/wp\/v2\/posts"}],"about":[{"href":"https:\/\/www.eudiakok.hu\/blog\/wp-json\/wp\/v2\/types\/post"}],"author":[{"embeddable":true,"href":"https:\/\/www.eudiakok.hu\/blog\/wp-json\/wp\/v2\/users\/3"}],"replies":[{"embeddable":true,"href":"https:\/\/www.eudiakok.hu\/blog\/wp-json\/wp\/v2\/comments?post=713"}],"version-history":[{"count":8,"href":"https:\/\/www.eudiakok.hu\/blog\/wp-json\/wp\/v2\/posts\/713\/revisions"}],"predecessor-version":[{"id":734,"href":"https:\/\/www.eudiakok.hu\/blog\/wp-json\/wp\/v2\/posts\/713\/revisions\/734"}],"wp:featuredmedia":[{"embeddable":true,"href":"https:\/\/www.eudiakok.hu\/blog\/wp-json\/wp\/v2\/media\/714"}],"wp:attachment":[{"href":"https:\/\/www.eudiakok.hu\/blog\/wp-json\/wp\/v2\/media?parent=713"}],"wp:term":[{"taxonomy":"category","embeddable":true,"href":"https:\/\/www.eudiakok.hu\/blog\/wp-json\/wp\/v2\/categories?post=713"},{"taxonomy":"post_tag","embeddable":true,"href":"https:\/\/www.eudiakok.hu\/blog\/wp-json\/wp\/v2\/tags?post=713"}],"curies":[{"name":"wp","href":"https:\/\/api.w.org\/{rel}","templated":true}]}}