{"id":665,"date":"2022-05-18T11:11:00","date_gmt":"2022-05-18T09:11:00","guid":{"rendered":"https:\/\/www.eudiakok.hu\/blog\/?p=665"},"modified":"2022-10-10T11:25:28","modified_gmt":"2022-10-10T09:25:28","slug":"varnak-a-nemet-fesztivalok","status":"publish","type":"post","link":"https:\/\/www.eudiakok.hu\/blog\/varnak-a-nemet-fesztivalok\/","title":{"rendered":"V\u00e1rnak a n\u00e9met fesztiv\u00e1lok!"},"content":{"rendered":"\n<p>Nagyon j\u00f3 h\u00edr\u00fcnk van, mert tudunk olyan munk\u00e1t, ahol mindez egyszerre megval\u00f3s\u00edthat\u00f3. V\u00e1rnak t\u00e9ged is a n\u00e9met fesztiv\u00e1lok! Ha \u00faj bar\u00e1tokat szerezn\u00e9l, t\u00e1g\u00edtan\u00e1d a l\u00e1t\u00f3k\u00f6r\u00f6d, p\u00e9nzt keresn\u00e9l, de a fesztiv\u00e1l feeling sem hi\u00e1nyozhat a nyaradb\u00f3l, akkor ezt neked tal\u00e1lt\u00e1k ki! Keresd az euDi\u00e1kokat \u00e9s mi seg\u00edt\u00fcnk neked Mindenben! \ud83d\ude09<\/p>\n\n\n\n<blockquote class=\"tiktok-embed\" cite=\"https:\/\/www.tiktok.com\/@eudiakok\/video\/7093483667800050949\" data-video-id=\"7093483667800050949\" style=\"max-width: 605px;min-width: 325px;\"> <section> <a target=\"_blank\" title=\"@eudiakok\" href=\"https:\/\/www.tiktok.com\/@eudiakok?refer=embed\" rel=\"noopener\">@eudiakok<\/a> Keress p\u00e9nzt a fesztiv\u00e1loz\u00e1ssal!\ud83e\udd11\ud83c\udde9\ud83c\uddeaHa igen, link a bioba! \u270c\ufe0f\ud83d\udc47 #<a title=\"eudiakok\" target=\"_blank\" href=\"https:\/\/www.tiktok.com\/tag\/eudiakok?refer=embed\" rel=\"noopener\">eudiakok <\/a>#<a title=\"diakmunka\" target=\"_blank\" href=\"https:\/\/www.tiktok.com\/tag\/diakmunka?refer=embed\" rel=\"noopener\">diakmunka <\/a>#<a title=\"munka\" target=\"_blank\" href=\"https:\/\/www.tiktok.com\/tag\/munka?refer=embed\" rel=\"noopener\">munka <\/a>#<a title=\"fesztiv\u00e1l\" target=\"_blank\" href=\"https:\/\/www.tiktok.com\/tag\/fesztiv%C3%A1l?refer=embed\" rel=\"noopener\">fesztiv\u00e1l <\/a>#<a title=\"fyp\" target=\"_blank\" href=\"https:\/\/www.tiktok.com\/tag\/fyp?refer=embed\" rel=\"noopener\">fyp <\/a>#<a title=\"foryou\" target=\"_blank\" href=\"https:\/\/www.tiktok.com\/tag\/foryou?refer=embed\" rel=\"noopener\">foryou <\/a>#<a title=\"foryoupage\" target=\"_blank\" href=\"https:\/\/www.tiktok.com\/tag\/foryoupage?refer=embed\" rel=\"noopener\">foryoupage <\/a>#<a title=\"nekedbe\" target=\"_blank\" href=\"https:\/\/www.tiktok.com\/tag\/nekedbe?refer=embed\" rel=\"noopener\">nekedbe<\/a> <a target=\"_blank\" title=\"\u266c YOU'RE ALL I KNOW - Anndyk\" href=\"https:\/\/www.tiktok.com\/music\/YOU'RE-ALL-I-KNOW-6768742350614169601?refer=embed\" rel=\"noopener\">\u266c YOU&#8217;RE ALL I KNOW &#8211; Anndyk<\/a> <\/section> <\/blockquote> <script async=\"\" src=\"https:\/\/www.tiktok.com\/embed.js\"><\/script>\n","protected":false},"excerpt":{"rendered":"<p>Te mivel t\u00f6lt\u00f6d a nyarad? Fesztiv\u00e1lok, bulik, p\u00e9nz keres\u00e9s, munkav\u00e1llal\u00e1s de j\u00f3 lenne egy kis nyelvet is tanulni? <\/p>\n","protected":false},"author":3,"featured_media":666,"comment_status":"open","ping_status":"closed","sticky":false,"template":"","format":"standard","meta":{"_acf_changed":false,"footnotes":""},"categories":[3],"tags":[22,28],"class_list":["post-665","post","type-post","status-publish","format-standard","has-post-thumbnail","hentry","category-diakmunka","tag-diakmunka","tag-nyar"],"acf":[],"yoast_head":"<!-- This site is optimized with the Yoast SEO plugin v27.5 - https:\/\/yoast.com\/product\/yoast-seo-wordpress\/ -->\n<title>V\u00e1rnak a n\u00e9met fesztiv\u00e1lok! - euDI\u00c1KOK Blog<\/title>\n<meta name=\"robots\" content=\"index, follow, max-snippet:-1, max-image-preview:large, max-video-preview:-1\" \/>\n<link rel=\"canonical\" href=\"https:\/\/www.eudiakok.hu\/blog\/varnak-a-nemet-fesztivalok\/\" \/>\n<meta property=\"og:locale\" content=\"hu_HU\" \/>\n<meta property=\"og:type\" content=\"article\" \/>\n<meta property=\"og:title\" content=\"V\u00e1rnak a n\u00e9met fesztiv\u00e1lok! - euDI\u00c1KOK Blog\" \/>\n<meta property=\"og:description\" content=\"Te mivel t\u00f6lt\u00f6d a nyarad? Fesztiv\u00e1lok, bulik, p\u00e9nz keres\u00e9s, munkav\u00e1llal\u00e1s de j\u00f3 lenne egy kis nyelvet is tanulni?\" \/>\n<meta property=\"og:url\" content=\"https:\/\/www.eudiakok.hu\/blog\/varnak-a-nemet-fesztivalok\/\" \/>\n<meta property=\"og:site_name\" content=\"euDI\u00c1KOK Blog\" \/>\n<meta property=\"article:publisher\" content=\"https:\/\/www.facebook.com\/eudiakok\" \/>\n<meta property=\"article:published_time\" content=\"2022-05-18T09:11:00+00:00\" \/>\n<meta property=\"article:modified_time\" content=\"2022-10-10T09:25:28+00:00\" \/>\n<meta property=\"og:image\" content=\"https:\/\/www.eudiakok.hu\/blog\/wp-content\/uploads\/2022\/10\/varnak-a-nemet-fesztivalok.jpg\" \/>\n\t<meta property=\"og:image:width\" content=\"1200\" \/>\n\t<meta property=\"og:image:height\" content=\"630\" \/>\n\t<meta property=\"og:image:type\" content=\"image\/jpeg\" \/>\n<meta name=\"author\" content=\"euDI\u00c1KOK\" \/>\n<meta name=\"twitter:card\" content=\"summary_large_image\" \/>\n<meta name=\"twitter:label1\" content=\"Szerz\u0151:\" \/>\n\t<meta name=\"twitter:data1\" content=\"euDI\u00c1KOK\" \/>\n\t<meta name=\"twitter:label2\" content=\"Becs\u00fclt olvas\u00e1si id\u0151\" \/>\n\t<meta name=\"twitter:data2\" content=\"1 perc\" \/>\n<script type=\"application\/ld+json\" class=\"yoast-schema-graph\">{\"@context\":\"https:\\\/\\\/schema.org\",\"@graph\":[{\"@type\":\"Article\",\"@id\":\"https:\\\/\\\/www.eudiakok.hu\\\/blog\\\/varnak-a-nemet-fesztivalok\\\/#article\",\"isPartOf\":{\"@id\":\"https:\\\/\\\/www.eudiakok.hu\\\/blog\\\/varnak-a-nemet-fesztivalok\\\/\"},\"author\":{\"name\":\"euDI\u00c1KOK\",\"@id\":\"https:\\\/\\\/www.eudiakok.hu\\\/blog\\\/#\\\/schema\\\/person\\\/170aa30623d39e8c44086918ce180237\"},\"headline\":\"V\u00e1rnak a n\u00e9met fesztiv\u00e1lok!\",\"datePublished\":\"2022-05-18T09:11:00+00:00\",\"dateModified\":\"2022-10-10T09:25:28+00:00\",\"mainEntityOfPage\":{\"@id\":\"https:\\\/\\\/www.eudiakok.hu\\\/blog\\\/varnak-a-nemet-fesztivalok\\\/\"},\"wordCount\":111,\"commentCount\":0,\"publisher\":{\"@id\":\"https:\\\/\\\/www.eudiakok.hu\\\/blog\\\/#organization\"},\"image\":{\"@id\":\"https:\\\/\\\/www.eudiakok.hu\\\/blog\\\/varnak-a-nemet-fesztivalok\\\/#primaryimage\"},\"thumbnailUrl\":\"https:\\\/\\\/www.eudiakok.hu\\\/blog\\\/wp-content\\\/uploads\\\/2022\\\/10\\\/varnak-a-nemet-fesztivalok.jpg\",\"keywords\":[\"Di\u00e1kmunka\",\"ny\u00e1r\"],\"articleSection\":[\"Di\u00e1kmunka\"],\"inLanguage\":\"hu\"},{\"@type\":\"WebPage\",\"@id\":\"https:\\\/\\\/www.eudiakok.hu\\\/blog\\\/varnak-a-nemet-fesztivalok\\\/\",\"url\":\"https:\\\/\\\/www.eudiakok.hu\\\/blog\\\/varnak-a-nemet-fesztivalok\\\/\",\"name\":\"V\u00e1rnak a n\u00e9met fesztiv\u00e1lok! - euDI\u00c1KOK Blog\",\"isPartOf\":{\"@id\":\"https:\\\/\\\/www.eudiakok.hu\\\/blog\\\/#website\"},\"primaryImageOfPage\":{\"@id\":\"https:\\\/\\\/www.eudiakok.hu\\\/blog\\\/varnak-a-nemet-fesztivalok\\\/#primaryimage\"},\"image\":{\"@id\":\"https:\\\/\\\/www.eudiakok.hu\\\/blog\\\/varnak-a-nemet-fesztivalok\\\/#primaryimage\"},\"thumbnailUrl\":\"https:\\\/\\\/www.eudiakok.hu\\\/blog\\\/wp-content\\\/uploads\\\/2022\\\/10\\\/varnak-a-nemet-fesztivalok.jpg\",\"datePublished\":\"2022-05-18T09:11:00+00:00\",\"dateModified\":\"2022-10-10T09:25:28+00:00\",\"breadcrumb\":{\"@id\":\"https:\\\/\\\/www.eudiakok.hu\\\/blog\\\/varnak-a-nemet-fesztivalok\\\/#breadcrumb\"},\"inLanguage\":\"hu\",\"potentialAction\":[{\"@type\":\"ReadAction\",\"target\":[\"https:\\\/\\\/www.eudiakok.hu\\\/blog\\\/varnak-a-nemet-fesztivalok\\\/\"]}]},{\"@type\":\"ImageObject\",\"inLanguage\":\"hu\",\"@id\":\"https:\\\/\\\/www.eudiakok.hu\\\/blog\\\/varnak-a-nemet-fesztivalok\\\/#primaryimage\",\"url\":\"https:\\\/\\\/www.eudiakok.hu\\\/blog\\\/wp-content\\\/uploads\\\/2022\\\/10\\\/varnak-a-nemet-fesztivalok.jpg\",\"contentUrl\":\"https:\\\/\\\/www.eudiakok.hu\\\/blog\\\/wp-content\\\/uploads\\\/2022\\\/10\\\/varnak-a-nemet-fesztivalok.jpg\",\"width\":1200,\"height\":630},{\"@type\":\"BreadcrumbList\",\"@id\":\"https:\\\/\\\/www.eudiakok.hu\\\/blog\\\/varnak-a-nemet-fesztivalok\\\/#breadcrumb\",\"itemListElement\":[{\"@type\":\"ListItem\",\"position\":1,\"name\":\"Home\",\"item\":\"https:\\\/\\\/www.eudiakok.hu\\\/blog\\\/\"},{\"@type\":\"ListItem\",\"position\":2,\"name\":\"V\u00e1rnak a n\u00e9met fesztiv\u00e1lok!\"}]},{\"@type\":\"WebSite\",\"@id\":\"https:\\\/\\\/www.eudiakok.hu\\\/blog\\\/#website\",\"url\":\"https:\\\/\\\/www.eudiakok.hu\\\/blog\\\/\",\"name\":\"euDI\u00c1KOK Blog\",\"description\":\"Sz\u00ednes h\u00edreink a di\u00e1kmunka vil\u00e1g\u00e1b\u00f3l\",\"publisher\":{\"@id\":\"https:\\\/\\\/www.eudiakok.hu\\\/blog\\\/#organization\"},\"potentialAction\":[{\"@type\":\"SearchAction\",\"target\":{\"@type\":\"EntryPoint\",\"urlTemplate\":\"https:\\\/\\\/www.eudiakok.hu\\\/blog\\\/?s={search_term_string}\"},\"query-input\":{\"@type\":\"PropertyValueSpecification\",\"valueRequired\":true,\"valueName\":\"search_term_string\"}}],\"inLanguage\":\"hu\"},{\"@type\":\"Organization\",\"@id\":\"https:\\\/\\\/www.eudiakok.hu\\\/blog\\\/#organization\",\"name\":\"euDI\u00c1KOK\",\"url\":\"https:\\\/\\\/www.eudiakok.hu\\\/blog\\\/\",\"logo\":{\"@type\":\"ImageObject\",\"inLanguage\":\"hu\",\"@id\":\"https:\\\/\\\/www.eudiakok.hu\\\/blog\\\/#\\\/schema\\\/logo\\\/image\\\/\",\"url\":\"https:\\\/\\\/www.eudiakok.hu\\\/blog\\\/wp-content\\\/uploads\\\/2021\\\/01\\\/eu-diakok.png\",\"contentUrl\":\"https:\\\/\\\/www.eudiakok.hu\\\/blog\\\/wp-content\\\/uploads\\\/2021\\\/01\\\/eu-diakok.png\",\"width\":1638,\"height\":960,\"caption\":\"euDI\u00c1KOK\"},\"image\":{\"@id\":\"https:\\\/\\\/www.eudiakok.hu\\\/blog\\\/#\\\/schema\\\/logo\\\/image\\\/\"},\"sameAs\":[\"https:\\\/\\\/www.facebook.com\\\/eudiakok\",\"https:\\\/\\\/www.instagram.com\\\/eudiakok_diakmunka\\\/\",\"https:\\\/\\\/www.youtube.com\\\/channel\\\/UCVqA-rbCcm8C6NbvcTdrFUg\"]},{\"@type\":\"Person\",\"@id\":\"https:\\\/\\\/www.eudiakok.hu\\\/blog\\\/#\\\/schema\\\/person\\\/170aa30623d39e8c44086918ce180237\",\"name\":\"euDI\u00c1KOK\",\"image\":{\"@type\":\"ImageObject\",\"inLanguage\":\"hu\",\"@id\":\"https:\\\/\\\/secure.gravatar.com\\\/avatar\\\/2eb494097c150c789197a89e6eec31f3723e1b6ed0c9645d728fd9d06a7d8205?s=96&d=mm&r=g\",\"url\":\"https:\\\/\\\/secure.gravatar.com\\\/avatar\\\/2eb494097c150c789197a89e6eec31f3723e1b6ed0c9645d728fd9d06a7d8205?s=96&d=mm&r=g\",\"contentUrl\":\"https:\\\/\\\/secure.gravatar.com\\\/avatar\\\/2eb494097c150c789197a89e6eec31f3723e1b6ed0c9645d728fd9d06a7d8205?s=96&d=mm&r=g\",\"caption\":\"euDI\u00c1KOK\"},\"description\":\"Az euDI\u00c1KOK Iskolasz\u00f6vetkezet a legjobb di\u00e1kmunk\u00e1kat k\u00edn\u00e1lja Neked, amib\u0151l kedvedre v\u00e1logathatsz! Jelentkezz m\u00e1r ak\u00e1r 15 \u00e9ves kort\u00f3l. Nem gond, ha nem a f\u0151v\u00e1rosban laksz, orsz\u00e1gszerte lehet\u0151s\u00e9get biztos\u00edtunk Neked a munk\u00e1ra.\",\"url\":\"https:\\\/\\\/www.eudiakok.hu\\\/blog\\\/author\\\/eudiakok\\\/\"}]}<\/script>\n<!-- \/ Yoast SEO plugin. -->","yoast_head_json":{"title":"V\u00e1rnak a n\u00e9met fesztiv\u00e1lok! - euDI\u00c1KOK Blog","robots":{"index":"index","follow":"follow","max-snippet":"max-snippet:-1","max-image-preview":"max-image-preview:large","max-video-preview":"max-video-preview:-1"},"canonical":"https:\/\/www.eudiakok.hu\/blog\/varnak-a-nemet-fesztivalok\/","og_locale":"hu_HU","og_type":"article","og_title":"V\u00e1rnak a n\u00e9met fesztiv\u00e1lok! - euDI\u00c1KOK Blog","og_description":"Te mivel t\u00f6lt\u00f6d a nyarad? Fesztiv\u00e1lok, bulik, p\u00e9nz keres\u00e9s, munkav\u00e1llal\u00e1s de j\u00f3 lenne egy kis nyelvet is tanulni?","og_url":"https:\/\/www.eudiakok.hu\/blog\/varnak-a-nemet-fesztivalok\/","og_site_name":"euDI\u00c1KOK Blog","article_publisher":"https:\/\/www.facebook.com\/eudiakok","article_published_time":"2022-05-18T09:11:00+00:00","article_modified_time":"2022-10-10T09:25:28+00:00","og_image":[{"width":1200,"height":630,"url":"https:\/\/www.eudiakok.hu\/blog\/wp-content\/uploads\/2022\/10\/varnak-a-nemet-fesztivalok.jpg","type":"image\/jpeg"}],"author":"euDI\u00c1KOK","twitter_card":"summary_large_image","twitter_misc":{"Szerz\u0151:":"euDI\u00c1KOK","Becs\u00fclt olvas\u00e1si id\u0151":"1 perc"},"schema":{"@context":"https:\/\/schema.org","@graph":[{"@type":"Article","@id":"https:\/\/www.eudiakok.hu\/blog\/varnak-a-nemet-fesztivalok\/#article","isPartOf":{"@id":"https:\/\/www.eudiakok.hu\/blog\/varnak-a-nemet-fesztivalok\/"},"author":{"name":"euDI\u00c1KOK","@id":"https:\/\/www.eudiakok.hu\/blog\/#\/schema\/person\/170aa30623d39e8c44086918ce180237"},"headline":"V\u00e1rnak a n\u00e9met fesztiv\u00e1lok!","datePublished":"2022-05-18T09:11:00+00:00","dateModified":"2022-10-10T09:25:28+00:00","mainEntityOfPage":{"@id":"https:\/\/www.eudiakok.hu\/blog\/varnak-a-nemet-fesztivalok\/"},"wordCount":111,"commentCount":0,"publisher":{"@id":"https:\/\/www.eudiakok.hu\/blog\/#organization"},"image":{"@id":"https:\/\/www.eudiakok.hu\/blog\/varnak-a-nemet-fesztivalok\/#primaryimage"},"thumbnailUrl":"https:\/\/www.eudiakok.hu\/blog\/wp-content\/uploads\/2022\/10\/varnak-a-nemet-fesztivalok.jpg","keywords":["Di\u00e1kmunka","ny\u00e1r"],"articleSection":["Di\u00e1kmunka"],"inLanguage":"hu"},{"@type":"WebPage","@id":"https:\/\/www.eudiakok.hu\/blog\/varnak-a-nemet-fesztivalok\/","url":"https:\/\/www.eudiakok.hu\/blog\/varnak-a-nemet-fesztivalok\/","name":"V\u00e1rnak a n\u00e9met fesztiv\u00e1lok! - euDI\u00c1KOK Blog","isPartOf":{"@id":"https:\/\/www.eudiakok.hu\/blog\/#website"},"primaryImageOfPage":{"@id":"https:\/\/www.eudiakok.hu\/blog\/varnak-a-nemet-fesztivalok\/#primaryimage"},"image":{"@id":"https:\/\/www.eudiakok.hu\/blog\/varnak-a-nemet-fesztivalok\/#primaryimage"},"thumbnailUrl":"https:\/\/www.eudiakok.hu\/blog\/wp-content\/uploads\/2022\/10\/varnak-a-nemet-fesztivalok.jpg","datePublished":"2022-05-18T09:11:00+00:00","dateModified":"2022-10-10T09:25:28+00:00","breadcrumb":{"@id":"https:\/\/www.eudiakok.hu\/blog\/varnak-a-nemet-fesztivalok\/#breadcrumb"},"inLanguage":"hu","potentialAction":[{"@type":"ReadAction","target":["https:\/\/www.eudiakok.hu\/blog\/varnak-a-nemet-fesztivalok\/"]}]},{"@type":"ImageObject","inLanguage":"hu","@id":"https:\/\/www.eudiakok.hu\/blog\/varnak-a-nemet-fesztivalok\/#primaryimage","url":"https:\/\/www.eudiakok.hu\/blog\/wp-content\/uploads\/2022\/10\/varnak-a-nemet-fesztivalok.jpg","contentUrl":"https:\/\/www.eudiakok.hu\/blog\/wp-content\/uploads\/2022\/10\/varnak-a-nemet-fesztivalok.jpg","width":1200,"height":630},{"@type":"BreadcrumbList","@id":"https:\/\/www.eudiakok.hu\/blog\/varnak-a-nemet-fesztivalok\/#breadcrumb","itemListElement":[{"@type":"ListItem","position":1,"name":"Home","item":"https:\/\/www.eudiakok.hu\/blog\/"},{"@type":"ListItem","position":2,"name":"V\u00e1rnak a n\u00e9met fesztiv\u00e1lok!"}]},{"@type":"WebSite","@id":"https:\/\/www.eudiakok.hu\/blog\/#website","url":"https:\/\/www.eudiakok.hu\/blog\/","name":"euDI\u00c1KOK Blog","description":"Sz\u00ednes h\u00edreink a di\u00e1kmunka vil\u00e1g\u00e1b\u00f3l","publisher":{"@id":"https:\/\/www.eudiakok.hu\/blog\/#organization"},"potentialAction":[{"@type":"SearchAction","target":{"@type":"EntryPoint","urlTemplate":"https:\/\/www.eudiakok.hu\/blog\/?s={search_term_string}"},"query-input":{"@type":"PropertyValueSpecification","valueRequired":true,"valueName":"search_term_string"}}],"inLanguage":"hu"},{"@type":"Organization","@id":"https:\/\/www.eudiakok.hu\/blog\/#organization","name":"euDI\u00c1KOK","url":"https:\/\/www.eudiakok.hu\/blog\/","logo":{"@type":"ImageObject","inLanguage":"hu","@id":"https:\/\/www.eudiakok.hu\/blog\/#\/schema\/logo\/image\/","url":"https:\/\/www.eudiakok.hu\/blog\/wp-content\/uploads\/2021\/01\/eu-diakok.png","contentUrl":"https:\/\/www.eudiakok.hu\/blog\/wp-content\/uploads\/2021\/01\/eu-diakok.png","width":1638,"height":960,"caption":"euDI\u00c1KOK"},"image":{"@id":"https:\/\/www.eudiakok.hu\/blog\/#\/schema\/logo\/image\/"},"sameAs":["https:\/\/www.facebook.com\/eudiakok","https:\/\/www.instagram.com\/eudiakok_diakmunka\/","https:\/\/www.youtube.com\/channel\/UCVqA-rbCcm8C6NbvcTdrFUg"]},{"@type":"Person","@id":"https:\/\/www.eudiakok.hu\/blog\/#\/schema\/person\/170aa30623d39e8c44086918ce180237","name":"euDI\u00c1KOK","image":{"@type":"ImageObject","inLanguage":"hu","@id":"https:\/\/secure.gravatar.com\/avatar\/2eb494097c150c789197a89e6eec31f3723e1b6ed0c9645d728fd9d06a7d8205?s=96&d=mm&r=g","url":"https:\/\/secure.gravatar.com\/avatar\/2eb494097c150c789197a89e6eec31f3723e1b6ed0c9645d728fd9d06a7d8205?s=96&d=mm&r=g","contentUrl":"https:\/\/secure.gravatar.com\/avatar\/2eb494097c150c789197a89e6eec31f3723e1b6ed0c9645d728fd9d06a7d8205?s=96&d=mm&r=g","caption":"euDI\u00c1KOK"},"description":"Az euDI\u00c1KOK Iskolasz\u00f6vetkezet a legjobb di\u00e1kmunk\u00e1kat k\u00edn\u00e1lja Neked, amib\u0151l kedvedre v\u00e1logathatsz! Jelentkezz m\u00e1r ak\u00e1r 15 \u00e9ves kort\u00f3l. Nem gond, ha nem a f\u0151v\u00e1rosban laksz, orsz\u00e1gszerte lehet\u0151s\u00e9get biztos\u00edtunk Neked a munk\u00e1ra.","url":"https:\/\/www.eudiakok.hu\/blog\/author\/eudiakok\/"}]}},"_links":{"self":[{"href":"https:\/\/www.eudiakok.hu\/blog\/wp-json\/wp\/v2\/posts\/665","targetHints":{"allow":["GET"]}}],"collection":[{"href":"https:\/\/www.eudiakok.hu\/blog\/wp-json\/wp\/v2\/posts"}],"about":[{"href":"https:\/\/www.eudiakok.hu\/blog\/wp-json\/wp\/v2\/types\/post"}],"author":[{"embeddable":true,"href":"https:\/\/www.eudiakok.hu\/blog\/wp-json\/wp\/v2\/users\/3"}],"replies":[{"embeddable":true,"href":"https:\/\/www.eudiakok.hu\/blog\/wp-json\/wp\/v2\/comments?post=665"}],"version-history":[{"count":2,"href":"https:\/\/www.eudiakok.hu\/blog\/wp-json\/wp\/v2\/posts\/665\/revisions"}],"predecessor-version":[{"id":674,"href":"https:\/\/www.eudiakok.hu\/blog\/wp-json\/wp\/v2\/posts\/665\/revisions\/674"}],"wp:featuredmedia":[{"embeddable":true,"href":"https:\/\/www.eudiakok.hu\/blog\/wp-json\/wp\/v2\/media\/666"}],"wp:attachment":[{"href":"https:\/\/www.eudiakok.hu\/blog\/wp-json\/wp\/v2\/media?parent=665"}],"wp:term":[{"taxonomy":"category","embeddable":true,"href":"https:\/\/www.eudiakok.hu\/blog\/wp-json\/wp\/v2\/categories?post=665"},{"taxonomy":"post_tag","embeddable":true,"href":"https:\/\/www.eudiakok.hu\/blog\/wp-json\/wp\/v2\/tags?post=665"}],"curies":[{"name":"wp","href":"https:\/\/api.w.org\/{rel}","templated":true}]}}