{"id":411,"date":"2021-03-22T11:49:00","date_gmt":"2021-03-22T10:49:00","guid":{"rendered":"https:\/\/www.eudiakok.hu\/blog\/?p=411"},"modified":"2023-03-03T13:08:55","modified_gmt":"2023-03-03T12:08:55","slug":"mire-figyelj-ha-diakkent-vallalsz-munkat","status":"publish","type":"post","link":"https:\/\/www.eudiakok.hu\/blog\/mire-figyelj-ha-diakkent-vallalsz-munkat\/","title":{"rendered":"Mire figyelj, ha di\u00e1kk\u00e9nt v\u00e1llalsz munk\u00e1t?"},"content":{"rendered":"\n<p>Szuper lehet\u0151s\u00e9g a di\u00e1kmunka, ha m\u00e1r a tanul\u00f3 \u00e9veidben is saj\u00e1t keresetet szeretn\u00e9l. Van azonban n\u00e9h\u00e1ny dolog, amire figyelned kell, miel\u0151tt di\u00e1kmunk\u00e1t v\u00e1llalsz. Milyen ad\u00f3z\u00e1si k\u00f6telezetts\u00e9geid vannak? Milyen felt\u00e9teleknek kell megfelelni? Milyen jogaid vannak? Mire figyelj a beoszt\u00e1soddal kapcsolatban? Egy\u00e1ltal\u00e1n hogyan seg\u00edt neked mindebben egy iskolasz\u00f6vetkezet?<\/p>\n\n\n\n<h2 class=\"wp-block-heading\" id=\"s=\"wp-block-heading\">H\u00e1ny \u00e9ves kort\u00f3l v\u00e1llalhatok di\u00e1kmunk\u00e1t?<\/h2>\n\n\n\n<p id=\"E293\">Di\u00e1kmunk\u00e1t 16 \u00e9ves kort\u00f3l v\u00e1llalhatsz. A munka t\u00f6rv\u00e9nyk\u00f6ve (Mt.) azonban tartalmaz k\u00e9t kiv\u00e9telt:<\/p>\n\n\n\n<ul class=\"wp-block-list\">\n<li>munkav\u00e1llal\u00f3 lehet \u2013 az iskolai sz\u00fcnet alatt \u2013 az a 15. \u00e9let\u00e9v\u00e9t bet\u00f6lt\u00f6tt (nappali tagozatos) tanul\u00f3, aki nappali rendszer\u0171 k\u00e9pz\u00e9s keret\u00e9ben tanulm\u00e1nyokat folytat; tov\u00e1bb\u00e1<\/li>\n\n\n\n<li>a gy\u00e1mhat\u00f3s\u00e1g enged\u00e9lye alapj\u00e1n a k\u00fcl\u00f6n jogszab\u00e1lyokban meghat\u00e1rozott kultur\u00e1lis, m\u0171v\u00e9szeti, sport-, hirdet\u00e9si tev\u00e9kenys\u00e9g keret\u00e9ben a 16. \u00e9let\u00e9v\u00e9t be nem t\u00f6lt\u00f6tt szem\u00e9ly is foglalkoztathat\u00f3.<\/li>\n<\/ul>\n\n\n\n<p id=\"E303\">Fontos tudni, hogy a 18. \u00e9let\u00e9v\u00e9t be nem t\u00f6lt\u00f6tt munkav\u00e1llal\u00f3 \u00fagynevezett \u201efiatal munkav\u00e1llal\u00f3nak\u201d min\u0151s\u00fcl. Neki a Mt. er\u0151sebb v\u00e9delmet biztos\u00edt:<\/p>\n\n\n\n<ul class=\"wp-block-list\">\n<li>\u00e9jszakai munka (22.00\u20136.00 \u00f3ra), valamint rendk\u00edv\u00fcli munkaid\u0151 (t\u00fal\u00f3ra) nem rendelhet\u0151 el;<\/li>\n\n\n\n<li>napi munkaideje legfeljebb 8 \u00f3ra lehet, ha t\u00f6bb munkaviszony keret\u00e9ben v\u00e9gez munk\u00e1t, akkor e munkav\u00e9gz\u00e9sek munkaidej\u00e9t \u00f6ssze kell sz\u00e1m\u00edtani;<\/li>\n\n\n\n<li>legfeljebb 1 heti munkaid\u0151keret alkalmazhat\u00f3 (teh\u00e1t max. 1 h\u00e9t az az id\u0151tartam, amelyen bel\u00fcl a munk\u00e1ltat\u00f3 a munkaid\u0151t egyenl\u0151tlen\u00fcl is eloszthatja);<\/li>\n\n\n\n<li>a feln\u0151ttekn\u00e9l hosszabb munkak\u00f6zi sz\u00fcnet \u00e9s napi pihen\u0151id\u0151 j\u00e1r:<\/li>\n\n\n\n<li>ha a beoszt\u00e1s szerinti munkaid\u0151 meghaladja a 4 \u00e9s f\u00e9l \u00f3r\u00e1t, min. 30 perc munkak\u00f6zi sz\u00fcnetet kell biztos\u00edtani;<\/li>\n\n\n\n<li>6 \u00f3r\u00e1t meghalad\u00f3 beoszt\u00e1s szerinti napi munkaid\u0151 eset\u00e9n a munkak\u00f6zi sz\u00fcnet legal\u00e1bb 45 perc;<\/li>\n\n\n\n<li>legal\u00e1bb 12 \u00f3ra tartam\u00fa napi pihen\u0151id\u0151t kell biztos\u00edtani (azaz a munkaid\u0151 v\u00e9ge \u00e9s k\u00f6vetkez\u0151 napi munkakezd\u00e9s k\u00f6z\u00f6tt legal\u00e1bb ennyi id\u0151nek kell eltelnie;<\/li>\n\n\n\n<li>a heti pihen\u0151nap \u00e9s a heti pihen\u0151id\u0151 egyenl\u0151tlen\u00fcl nem oszthat\u00f3 be.<\/li>\n<\/ul>\n\n\n\n<p id=\"E329\">Ez a 18 \u00e9v feletti di\u00e1kok eset\u00e9ben annyiban v\u00e1ltozik, hogy<\/p>\n\n\n\n<ul class=\"wp-block-list\">\n<li>\u00e9jszakai munka is elrendelhet\u0151;<\/li>\n\n\n\n<li>ha a 6 \u00f3r\u00e1t meghaladja a munkav\u00e9gz\u00e9s, akkor legal\u00e1bb 20 percnyi, ha a napi 9 \u00f3r\u00e1t, akkor pedig minimum 25 percnyi munkasz\u00fcnet j\u00e1r.<\/li>\n<\/ul>\n\n\n\n<h2 class=\"wp-block-heading\" id=\"s=\"wp-block-heading\">Milyen jogviszonyban dolgozhatsz di\u00e1kk\u00e9nt?<\/h2>\n\n\n\n<p id=\"E344\">A di\u00e1kok legnagyobb r\u00e9sze iskolasz\u00f6vetkezet tagjak\u00e9nt t\u00f6rt\u00e9n\u0151 munkaviszonyban dolgozik. Hiszen ez a legkedvez\u0151bb a munkav\u00e1llal\u00f3 \u00e9s a munk\u00e1ltat\u00f3 sz\u00e1m\u00e1ra is. Ehhez nappali tagozatos hallgat\u00f3i jogviszony sz\u00fcks\u00e9ges, de passz\u00edv f\u00e9l\u00e9ven l\u00e9v\u0151 25 \u00e9v alatti di\u00e1kok is alkalmazhat\u00f3ak.<\/p>\n\n\n\n<p id=\"E348\">El\u0151fordul tov\u00e1bb\u00e1, hogy f\u0151k\u00e9nt esti \u00e9s levelez\u0151 tagozatos hallgat\u00f3kat&nbsp;egyszer\u0171s\u00edtett foglalkoztat\u00e1s keret\u00e9ben alkalmaznak.<\/p>\n\n\n\n<p id=\"E352\">\u00c9rdemes tiszt\u00e1ban lenni a foglalkoztat\u00e1si form\u00e1khoz kapcsol\u00f3d\u00f3 felt\u00e9telekkel, k\u00f6telezetts\u00e9gekkel is.<\/p>\n\n\n\n<h2 class=\"wp-block-heading\" id=\"s=\"wp-block-heading\">Az ad\u00f3azonos\u00edt\u00f3 alapfelt\u00e9tel a di\u00e1kmunk\u00e1nak (is)<\/h2>\n\n\n\n<p id=\"E358\">Ha m\u00e9g nincs ad\u00f3k\u00e1rty\u00e1d, ig\u00e9nyelned kell egyet, hogy di\u00e1kmunk\u00e1t tudj v\u00e1llalni.<\/p>\n\n\n\n<p id=\"E364\">Ahhoz, hogy megkapd az ad\u00f3k\u00e1rty\u00e1d \u2013 \u00e9s vele az ad\u00f3azonos\u00edt\u00f3 jeled \u2013, a <a is=\"qowt-hyperlink\" href=\"https:\/\/nav.gov.hu\/nav\/letoltesek\/nyomtatvanykitolto_programok\/nyomtatvanykitolto_programok_nav\/adatbejelentok_adatmodositok\/21T34.html\" target=\"_blank\" rel=\"noreferrer noopener\">21T34-es nyomtatv\u00e1nyt<\/a> kell kit\u00f6ltened \u00e9s eljuttatnod a NAV-hoz.<\/p>\n\n\n\n<p id=\"E376\">\u00c9s ha m\u00e1r ad\u00f3z\u00e1sr\u00f3l van sz\u00f3, \u00e9rdemes tiszt\u00e1zni a di\u00e1kmunka k\u00f6zterheit is.<\/p>\n\n\n\n<h2 class=\"wp-block-heading\" id=\"s=\"wp-block-heading\">Szerz\u0151d\u00e9s n\u00e9lk\u00fcl soha<\/h2>\n\n\n\n<p id=\"E382\">B\u00e1r az alkalmi munk\u00e1n\u00e1l \u00e9s az id\u00e9nymunk\u00e1n\u00e1l nem k\u00f6telez\u0151 a munkaszerz\u0151d\u00e9s, m\u00e9gis arra biztatunk, hogy dolgozz b\u00e1rhol is di\u00e1kk\u00e9nt, mindig ragaszkodj az \u00edr\u00e1sos munkaszerz\u0151d\u00e9shez, amely tartalmazza:<\/p>\n\n\n\n<ul class=\"wp-block-list\">\n<li>legal\u00e1bb az alapb\u00e9rt,<\/li>\n\n\n\n<li>tov\u00e1bb\u00e1 a munkak\u00f6rt.<\/li>\n<\/ul>\n\n\n\n<h2 class=\"wp-block-heading\" id=\"s=\"wp-block-heading\">Hogyan kell ad\u00f3znom a di\u00e1kmunka ut\u00e1n \u2013 munkav\u00e1llal\u00f3k\u00e9nt?<\/h2>\n\n\n\n<p id=\"E392\">Az iskolasz\u00f6vetkezeten kereszt\u00fcl v\u00e1llalt di\u00e1kmunka kiv\u00e9tel\u00e9vel minden foglalkoztat\u00e1si form\u00e1ra ugyanolyan szab\u00e1lyok vonatkoznak, mint m\u00e1s munkav\u00e1llal\u00f3k eset\u00e9n. A fizetend\u0151 k\u00f6zterhek m\u00e9rt\u00e9ke viszont jelent\u0151sen m\u00e1s.<\/p>\n\n\n\n<p id=\"E396\">Hogy ez mit jelent pontosan?<\/p>\n\n\n\n<h3 class=\"wp-block-heading\" id=\"s=\"wp-block-heading\">Ad\u00f3z\u00e1s \u00e9s j\u00e1rul\u00e9kok iskolasz\u00f6vetkezeti tags\u00e1g eset\u00e9n<\/h3>\n\n\n\n<p id=\"E402\">Iskolasz\u00f6vetkezet tagjak\u00e9nt csak nappali tagozatos hallgat\u00f3k dolgozhatnak. Eset\u00fckben <strong>nincs <\/strong><strong>j\u00e1rul\u00e9klevon\u00e1s<\/strong><strong> a b\u00e9rb\u0151l<\/strong> \u2013 \u00edgy nem min\u0151s\u00fclnek biztos\u00edtottnak. A f\u00e9lre\u00e9rt\u00e9sek elker\u00fcl\u00e9se v\u00e9gett fontos tiszt\u00e1zni, hogy eg\u00e9szs\u00e9g\u00fcgyi szolg\u00e1ltat\u00e1sra jogosult a di\u00e1kmunk\u00e1s<\/p>\n\n\n\n<p>is. Ez a jogosults\u00e1g ugyanis a hallgat\u00f3i jogviszony kezdet\u00e9t\u0151l a di\u00e1kigazolv\u00e1nyra val\u00f3 jogosults\u00e1g megsz\u0171n\u00e9s\u00e9ig fenn\u00e1ll.<\/p>\n\n\n\n<p id=\"E412\">\u00c9s mivel az iskolasz\u00f6vetkezeten kereszt\u00fcl megval\u00f3sul\u00f3 foglalkoztat\u00e1s nem \u00f6n\u00e1ll\u00f3 tev\u00e9kenys\u00e9gb\u0151l sz\u00e1rmaz\u00f3 j\u00f6vedelemnek min\u0151s\u00fcl, <strong>csak 15 sz\u00e1zal\u00e9kos szem\u00e9lyi j\u00f6vedelemad\u00f3t vonnak le bel\u0151le<\/strong>. (Ezt az iskolasz\u00f6vetkezet fizeti be az ad\u00f3hat\u00f3s\u00e1gnak, di\u00e1kk\u00e9nt teh\u00e1t nincs dolgod vele.)<\/p>\n\n\n\n<p id=\"E418\">Viszont a di\u00e1kmunk\u00e1val megszerzett j\u00f6vedelmet is fel kell t\u00fcntetni az szja-bevall\u00e1sban. Ezt a k\u00f6vetkez\u0151 \u00e9v m\u00e1jus 20-\u00e1ig kell megtenned. Teh\u00e1t di\u00e1kk\u00e9nt is k\u00f6telez\u0151 szja-bevall\u00e1st k\u00e9sz\u00edteni.<\/p>\n\n\n\n<p id=\"E422\">Megijedni viszont nem kell, mert az iskolasz\u00f6vetkezet minden pap\u00edrt \u00e9s \u00fatmutat\u00f3t \u00e1tad neked. Az euDi\u00e1kokn\u00e1l p\u00e9ld\u00e1ul a webfi\u00f3kodon kereszt\u00fcl mindent el\u00e9rsz. S\u0151t, olyan hasznos \u00e9s informat\u00edv \u00fatmutat\u00f3kkal is seg\u00edtenek neked, mint ez <a is=\"qowt-hyperlink\" href=\"https:\/\/www.eudiakok.hu\/blog\/tajekoztato-az-adozasrol-az-eudiakok-tagjai-reszere\/\" target=\"_blank\" rel=\"noreferrer noopener\">itt<\/a>.<\/p>\n\n\n\n<h3 class=\"wp-block-heading\" id=\"s=\"wp-block-heading\">Ad\u00f3z\u00e1s \u00e9s j\u00e1rul\u00e9kok munkaviszony eset\u00e9ben<\/h3>\n\n\n\n<p id=\"E433\">Ha a tanul\u00f3 munkaszerz\u0151d\u00e9ssel munkaviszonyban dolgozik, az innen sz\u00e1rmaz\u00f3 j\u00f6vedelme b\u00e9rj\u00f6vedelem. A munk\u00e1ltat\u00f3 teh\u00e1t k\u00f6teles levonni \u00e9s megfizetni <strong>a 15 sz\u00e1zal\u00e9kos szem\u00e9lyi j\u00f6vedelemad\u00f3t.<\/strong><\/p>\n\n\n\n<p id=\"E438\">A tanul\u00f3 tov\u00e1bb\u00e1 <strong>18,5 sz\u00e1zal\u00e9k t\u00e1rsadalombiztos\u00edt\u00e1si j\u00e1rul\u00e9kot fizet.<\/strong> (Ezt a munk\u00e1ltat\u00f3 \u00e1llap\u00edtja meg \u00e9s vonja le a b\u00e9rb\u0151l, a tanul\u00f3nak teh\u00e1t nincs vele dolga.)<\/p>\n\n\n\n<p id=\"E444\">\u00d6sszehasonl\u00edtva a munkaviszony \u00e9s az iskolasz\u00f6vetkezeti foglalkoztat\u00e1s ad\u00f3- \u00e9s j\u00e1rul\u00e9kk\u00f6lts\u00e9g\u00e9t, egy\u00e9rtelm\u0171v\u00e9 v\u00e1lik, mi\u00e9rt is a sz\u00f6vetkezeti munkaviszony a di\u00e1kfoglalkoztat\u00e1si forma.<\/p>\n\n\n\n<h3 class=\"wp-block-heading\" id=\"s=\"wp-block-heading\">Ad\u00f3z\u00e1s \u00e9s j\u00e1rul\u00e9kok egyszer\u0171s\u00edtett foglalkoztat\u00e1s eset\u00e9n<\/h3>\n\n\n\n<p id=\"E454\">Estis vagy levelez\u0151s hallgat\u00f3k\u00e9nt is van lehet\u0151s\u00e9ged di\u00e1kmunk\u00e1t v\u00e1llalni, egyszer\u0171s\u00edtett foglalkoztat\u00e1s keret\u00e9ben.<\/p>\n\n\n\n<p id=\"E458\">Alkalmi munk\u00e1ra a munk\u00e1ltat\u00f3 \u00e9s a munkav\u00e1llal\u00f3<\/p>\n\n\n\n<ul class=\"wp-block-list\">\n<li>\u00f6sszesen legfeljebb 5 egym\u00e1st k\u00f6vet\u0151 napt\u00e1ri napig,<\/li>\n\n\n\n<li>1 napt\u00e1ri h\u00f3napon bel\u00fcl \u00f6sszesen legfeljebb 15 napt\u00e1ri napig, \u00e9s<\/li>\n\n\n\n<li>1 napt\u00e1ri \u00e9ven bel\u00fcl \u00f6sszesen legfeljebb 90 napt\u00e1ri napig l\u00e9tes\u00edthet hat\u00e1rozott id\u0151re munkaviszonyt.<\/li>\n<\/ul>\n\n\n\n<p>Egyszer\u0171s\u00edtett foglalkoztat\u00e1sban a munk\u00e1ltat\u00f3 fizeti a k\u00f6zterhet. A di\u00e1knak sem t\u00e1rsadalombiztos\u00edt\u00e1si j\u00e1rul\u00e9kot, sem szja-el\u0151leget nem kell fizetnie.<\/p>\n\n\n\n<p id=\"E474\">Ha enn\u00e9l is r\u00e9szletesebben szeretn\u00e9l olvasni a t\u00e9m\u00e1ban, t\u00f6ltsd le a <a is=\"qowt-hyperlink\" href=\"https:\/\/www.nav.gov.hu\/search\/keywordsearch?query=di%C3%A1kmunka\" target=\"_blank\" rel=\"noreferrer noopener\">NAV oldal\u00e1r\u00f3l<\/a> a 72. inform\u00e1ci\u00f3s f\u00fczet \u2013&nbsp;A di\u00e1kok munkav\u00e1llal\u00e1sa nev\u0171 PDF-f\u00e1jlt.<\/p>\n\n\n\n<h2 class=\"wp-block-heading\" id=\"s=\"wp-block-heading\">Hogyan l\u00e9phetsz be egy iskolasz\u00f6vetkezetbe?<\/h2>\n\n\n\n<p id=\"E484\">Sz\u00fcks\u00e9g lesz az \u00e9rv\u00e9nyes matric\u00e1val ell\u00e1tott \u2013 vagy legal\u00e1bb az ideiglenes di\u00e1kigazolv\u00e1nyod \u2013 bemutat\u00e1s\u00e1ra. Ha pedig passz\u00edv f\u00e9l\u00e9ven vagy (\u00e9s m\u00e9g nem t\u00f6lt\u00f6tted be a 25. \u00e9let\u00e9ved), hallgat\u00f3i jogviszony igazol\u00e1st kell bemutatnod.<\/p>\n\n\n\n<p id=\"E492\">A regisztr\u00e1ci\u00f3hoz sz\u00fcks\u00e9ges m\u00e9g a k\u00f6vetkez\u0151 dokumentumok bemutat\u00e1sa vagy felt\u00f6lt\u00e9se:<\/p>\n\n\n\n<ul class=\"wp-block-list\">\n<li>TAJ k\u00e1rtya f\u00e9nym\u00e1solata<\/li>\n\n\n\n<li>Ad\u00f3k\u00e1rtya f\u00e9nym\u00e1solata<\/li>\n\n\n\n<li>Banki pap\u00edr a sz\u00e1mlasz\u00e1mr\u00f3l<\/li>\n<\/ul>\n\n\n\n<p id=\"E503\">(Err\u0151l <a is=\"qowt-hyperlink\" href=\"https:\/\/www.eudiakok.hu\/munkavallalas_feltetelei\" target=\"_blank\" rel=\"noreferrer noopener\">itt<\/a> tal\u00e1lsz b\u0151vebb inform\u00e1ci\u00f3t.)<\/p>\n\n\n\n<p id=\"E510\">Ahhoz, hogy di\u00e1ksz\u00f6vetkezeten kereszt\u00fcl v\u00e1llalhass munk\u00e1t, az adott sz\u00f6vetkezet tagj\u00e1nak kell lenned. Ezt \u00e1ltal\u00e1ban az els\u0151 fizet\u00e9sedb\u0151l vonj\u00e1k le, kil\u00e9p\u00e9skor pedig visszautalj\u00e1k neked.<\/p>\n\n\n\n<p id=\"E518\">Az \u00f6sszeg v\u00e1ltoz\u00f3, az <a is=\"qowt-hyperlink\" href=\"https:\/\/www.eudiakok.hu\/\" target=\"_blank\" rel=\"noreferrer noopener\">euDi\u00e1kok Iskolasz\u00f6vetkezet<\/a> eset\u00e9ben p\u00e9ld\u00e1ul 1000 Ft.<\/p>\n\n\n\n<p id=\"E525\"><strong>\u00c9s a legfontosabb \u2013 k\u00fcl\u00f6n\u00f6sen a jelen helyzetben \u2013, hogy az euDi\u00e1kokn\u00e1l mindent el tudsz int\u00e9zni <\/strong><a is=\"qowt-hyperlink\" href=\"https:\/\/www.eudiakok.hu\/regisztracio\" target=\"_blank\" rel=\"noreferrer noopener\"><strong>online<\/strong><\/a><strong> is, otthonr\u00f3l.<\/strong><\/p>\n\n\n\n<p id=\"E533\">Hogy ez mi\u00e9rt j\u00f3?<\/p>\n\n\n\n<p id=\"E537\">Miut\u00e1n jelentkezt\u00e9l egy munk\u00e1ra, nyomon k\u00f6vetheted, hol tart a folyamat. Ha sz\u00fcks\u00e9ged van egy formanyomtatv\u00e1nyra, igazol\u00e1sra vagy egy\u00e9b dokumentumra, a webfi\u00f3kodb\u00f3l n\u00e9h\u00e1ny kattint\u00e1ssal el\u00e9red. (Nem kell utaznod \u00e9s sorban \u00e1llnod ezek\u00e9rt.)<\/p>\n\n\n\n<p id=\"E541\">Amikor teh\u00e1t di\u00e1kmunk\u00e1t (\u00e9s iskolasz\u00f6vetkezet) v\u00e1lasztasz, \u00e9rdemes azt is figyelembe venned, hogy mennyiben k\u00f6nny\u00edtik meg a munk\u00e1ba l\u00e9p\u00e9st, az adminisztr\u00e1ci\u00f3t \u00e9s egy\u00e9b teend\u0151ket a sz\u00e1modra. Tal\u00e1lsz-e hasznos \u00e9s informat\u00edv anyagokat az oldalukon vagy m\u00e1s fel\u00fcleteiken?<\/p>\n","protected":false},"excerpt":{"rendered":"<p>Szuper lehet\u0151s\u00e9g a di\u00e1kmunka, ha m\u00e1r a tanul\u00f3 \u00e9veidben is saj\u00e1t keresetet szeretn\u00e9l. Van azonban n\u00e9h\u00e1ny dolog, amire figyelned kell, miel\u0151tt di\u00e1kmunk\u00e1t v\u00e1llalsz. <\/p>\n","protected":false},"author":3,"featured_media":415,"comment_status":"open","ping_status":"closed","sticky":false,"template":"","format":"standard","meta":{"_acf_changed":false,"footnotes":""},"categories":[5],"tags":[22,21],"class_list":["post-411","post","type-post","status-publish","format-standard","has-post-thumbnail","hentry","category-munkavallalas","tag-diakmunka","tag-munkavallalas"],"acf":[],"yoast_head":"<!-- This site is optimized with the Yoast SEO plugin v27.5 - https:\/\/yoast.com\/product\/yoast-seo-wordpress\/ -->\n<title>Mire figyelj, ha di\u00e1kk\u00e9nt v\u00e1llalsz munk\u00e1t? - euDI\u00c1KOK Blog<\/title>\n<meta name=\"robots\" content=\"index, follow, max-snippet:-1, max-image-preview:large, max-video-preview:-1\" \/>\n<link rel=\"canonical\" href=\"https:\/\/www.eudiakok.hu\/blog\/mire-figyelj-ha-diakkent-vallalsz-munkat\/\" \/>\n<meta property=\"og:locale\" content=\"hu_HU\" \/>\n<meta property=\"og:type\" content=\"article\" \/>\n<meta property=\"og:title\" content=\"Mire figyelj, ha di\u00e1kk\u00e9nt v\u00e1llalsz munk\u00e1t? - euDI\u00c1KOK Blog\" \/>\n<meta property=\"og:description\" content=\"Szuper lehet\u0151s\u00e9g a di\u00e1kmunka, ha m\u00e1r a tanul\u00f3 \u00e9veidben is saj\u00e1t keresetet szeretn\u00e9l. Van azonban n\u00e9h\u00e1ny dolog, amire figyelned kell, miel\u0151tt di\u00e1kmunk\u00e1t v\u00e1llalsz.\" \/>\n<meta property=\"og:url\" content=\"https:\/\/www.eudiakok.hu\/blog\/mire-figyelj-ha-diakkent-vallalsz-munkat\/\" \/>\n<meta property=\"og:site_name\" content=\"euDI\u00c1KOK Blog\" \/>\n<meta property=\"article:publisher\" content=\"https:\/\/www.facebook.com\/eudiakok\" \/>\n<meta property=\"article:published_time\" content=\"2021-03-22T10:49:00+00:00\" \/>\n<meta property=\"article:modified_time\" content=\"2023-03-03T12:08:55+00:00\" \/>\n<meta property=\"og:image\" content=\"https:\/\/www.eudiakok.hu\/blog\/wp-content\/uploads\/2021\/03\/diakmunka-erre-figyelj-1920x1280-1.jpg\" \/>\n\t<meta property=\"og:image:width\" content=\"1920\" \/>\n\t<meta property=\"og:image:height\" content=\"1280\" \/>\n\t<meta property=\"og:image:type\" content=\"image\/jpeg\" \/>\n<meta name=\"author\" content=\"euDI\u00c1KOK\" \/>\n<meta name=\"twitter:card\" content=\"summary_large_image\" \/>\n<meta name=\"twitter:label1\" content=\"Szerz\u0151:\" \/>\n\t<meta name=\"twitter:data1\" content=\"euDI\u00c1KOK\" \/>\n\t<meta name=\"twitter:label2\" content=\"Becs\u00fclt olvas\u00e1si id\u0151\" \/>\n\t<meta name=\"twitter:data2\" content=\"6 perc\" \/>\n<script type=\"application\/ld+json\" class=\"yoast-schema-graph\">{\"@context\":\"https:\\\/\\\/schema.org\",\"@graph\":[{\"@type\":\"Article\",\"@id\":\"https:\\\/\\\/www.eudiakok.hu\\\/blog\\\/mire-figyelj-ha-diakkent-vallalsz-munkat\\\/#article\",\"isPartOf\":{\"@id\":\"https:\\\/\\\/www.eudiakok.hu\\\/blog\\\/mire-figyelj-ha-diakkent-vallalsz-munkat\\\/\"},\"author\":{\"name\":\"euDI\u00c1KOK\",\"@id\":\"https:\\\/\\\/www.eudiakok.hu\\\/blog\\\/#\\\/schema\\\/person\\\/170aa30623d39e8c44086918ce180237\"},\"headline\":\"Mire figyelj, ha di\u00e1kk\u00e9nt v\u00e1llalsz munk\u00e1t?\",\"datePublished\":\"2021-03-22T10:49:00+00:00\",\"dateModified\":\"2023-03-03T12:08:55+00:00\",\"mainEntityOfPage\":{\"@id\":\"https:\\\/\\\/www.eudiakok.hu\\\/blog\\\/mire-figyelj-ha-diakkent-vallalsz-munkat\\\/\"},\"wordCount\":1518,\"commentCount\":0,\"publisher\":{\"@id\":\"https:\\\/\\\/www.eudiakok.hu\\\/blog\\\/#organization\"},\"image\":{\"@id\":\"https:\\\/\\\/www.eudiakok.hu\\\/blog\\\/mire-figyelj-ha-diakkent-vallalsz-munkat\\\/#primaryimage\"},\"thumbnailUrl\":\"https:\\\/\\\/www.eudiakok.hu\\\/blog\\\/wp-content\\\/uploads\\\/2021\\\/03\\\/diakmunka-erre-figyelj-1920x1280-1.jpg\",\"keywords\":[\"Di\u00e1kmunka\",\"Munkav\u00e1llal\u00e1s\"],\"articleSection\":[\"Munkav\u00e1llal\u00e1s\"],\"inLanguage\":\"hu\"},{\"@type\":\"WebPage\",\"@id\":\"https:\\\/\\\/www.eudiakok.hu\\\/blog\\\/mire-figyelj-ha-diakkent-vallalsz-munkat\\\/\",\"url\":\"https:\\\/\\\/www.eudiakok.hu\\\/blog\\\/mire-figyelj-ha-diakkent-vallalsz-munkat\\\/\",\"name\":\"Mire figyelj, ha di\u00e1kk\u00e9nt v\u00e1llalsz munk\u00e1t? - euDI\u00c1KOK Blog\",\"isPartOf\":{\"@id\":\"https:\\\/\\\/www.eudiakok.hu\\\/blog\\\/#website\"},\"primaryImageOfPage\":{\"@id\":\"https:\\\/\\\/www.eudiakok.hu\\\/blog\\\/mire-figyelj-ha-diakkent-vallalsz-munkat\\\/#primaryimage\"},\"image\":{\"@id\":\"https:\\\/\\\/www.eudiakok.hu\\\/blog\\\/mire-figyelj-ha-diakkent-vallalsz-munkat\\\/#primaryimage\"},\"thumbnailUrl\":\"https:\\\/\\\/www.eudiakok.hu\\\/blog\\\/wp-content\\\/uploads\\\/2021\\\/03\\\/diakmunka-erre-figyelj-1920x1280-1.jpg\",\"datePublished\":\"2021-03-22T10:49:00+00:00\",\"dateModified\":\"2023-03-03T12:08:55+00:00\",\"breadcrumb\":{\"@id\":\"https:\\\/\\\/www.eudiakok.hu\\\/blog\\\/mire-figyelj-ha-diakkent-vallalsz-munkat\\\/#breadcrumb\"},\"inLanguage\":\"hu\",\"potentialAction\":[{\"@type\":\"ReadAction\",\"target\":[\"https:\\\/\\\/www.eudiakok.hu\\\/blog\\\/mire-figyelj-ha-diakkent-vallalsz-munkat\\\/\"]}]},{\"@type\":\"ImageObject\",\"inLanguage\":\"hu\",\"@id\":\"https:\\\/\\\/www.eudiakok.hu\\\/blog\\\/mire-figyelj-ha-diakkent-vallalsz-munkat\\\/#primaryimage\",\"url\":\"https:\\\/\\\/www.eudiakok.hu\\\/blog\\\/wp-content\\\/uploads\\\/2021\\\/03\\\/diakmunka-erre-figyelj-1920x1280-1.jpg\",\"contentUrl\":\"https:\\\/\\\/www.eudiakok.hu\\\/blog\\\/wp-content\\\/uploads\\\/2021\\\/03\\\/diakmunka-erre-figyelj-1920x1280-1.jpg\",\"width\":1920,\"height\":1280},{\"@type\":\"BreadcrumbList\",\"@id\":\"https:\\\/\\\/www.eudiakok.hu\\\/blog\\\/mire-figyelj-ha-diakkent-vallalsz-munkat\\\/#breadcrumb\",\"itemListElement\":[{\"@type\":\"ListItem\",\"position\":1,\"name\":\"Home\",\"item\":\"https:\\\/\\\/www.eudiakok.hu\\\/blog\\\/\"},{\"@type\":\"ListItem\",\"position\":2,\"name\":\"Mire figyelj, ha di\u00e1kk\u00e9nt v\u00e1llalsz munk\u00e1t?\"}]},{\"@type\":\"WebSite\",\"@id\":\"https:\\\/\\\/www.eudiakok.hu\\\/blog\\\/#website\",\"url\":\"https:\\\/\\\/www.eudiakok.hu\\\/blog\\\/\",\"name\":\"euDI\u00c1KOK Blog\",\"description\":\"Sz\u00ednes h\u00edreink a di\u00e1kmunka vil\u00e1g\u00e1b\u00f3l\",\"publisher\":{\"@id\":\"https:\\\/\\\/www.eudiakok.hu\\\/blog\\\/#organization\"},\"potentialAction\":[{\"@type\":\"SearchAction\",\"target\":{\"@type\":\"EntryPoint\",\"urlTemplate\":\"https:\\\/\\\/www.eudiakok.hu\\\/blog\\\/?s={search_term_string}\"},\"query-input\":{\"@type\":\"PropertyValueSpecification\",\"valueRequired\":true,\"valueName\":\"search_term_string\"}}],\"inLanguage\":\"hu\"},{\"@type\":\"Organization\",\"@id\":\"https:\\\/\\\/www.eudiakok.hu\\\/blog\\\/#organization\",\"name\":\"euDI\u00c1KOK\",\"url\":\"https:\\\/\\\/www.eudiakok.hu\\\/blog\\\/\",\"logo\":{\"@type\":\"ImageObject\",\"inLanguage\":\"hu\",\"@id\":\"https:\\\/\\\/www.eudiakok.hu\\\/blog\\\/#\\\/schema\\\/logo\\\/image\\\/\",\"url\":\"https:\\\/\\\/www.eudiakok.hu\\\/blog\\\/wp-content\\\/uploads\\\/2021\\\/01\\\/eu-diakok.png\",\"contentUrl\":\"https:\\\/\\\/www.eudiakok.hu\\\/blog\\\/wp-content\\\/uploads\\\/2021\\\/01\\\/eu-diakok.png\",\"width\":1638,\"height\":960,\"caption\":\"euDI\u00c1KOK\"},\"image\":{\"@id\":\"https:\\\/\\\/www.eudiakok.hu\\\/blog\\\/#\\\/schema\\\/logo\\\/image\\\/\"},\"sameAs\":[\"https:\\\/\\\/www.facebook.com\\\/eudiakok\",\"https:\\\/\\\/www.instagram.com\\\/eudiakok_diakmunka\\\/\",\"https:\\\/\\\/www.youtube.com\\\/channel\\\/UCVqA-rbCcm8C6NbvcTdrFUg\"]},{\"@type\":\"Person\",\"@id\":\"https:\\\/\\\/www.eudiakok.hu\\\/blog\\\/#\\\/schema\\\/person\\\/170aa30623d39e8c44086918ce180237\",\"name\":\"euDI\u00c1KOK\",\"image\":{\"@type\":\"ImageObject\",\"inLanguage\":\"hu\",\"@id\":\"https:\\\/\\\/secure.gravatar.com\\\/avatar\\\/2eb494097c150c789197a89e6eec31f3723e1b6ed0c9645d728fd9d06a7d8205?s=96&d=mm&r=g\",\"url\":\"https:\\\/\\\/secure.gravatar.com\\\/avatar\\\/2eb494097c150c789197a89e6eec31f3723e1b6ed0c9645d728fd9d06a7d8205?s=96&d=mm&r=g\",\"contentUrl\":\"https:\\\/\\\/secure.gravatar.com\\\/avatar\\\/2eb494097c150c789197a89e6eec31f3723e1b6ed0c9645d728fd9d06a7d8205?s=96&d=mm&r=g\",\"caption\":\"euDI\u00c1KOK\"},\"description\":\"Az euDI\u00c1KOK Iskolasz\u00f6vetkezet a legjobb di\u00e1kmunk\u00e1kat k\u00edn\u00e1lja Neked, amib\u0151l kedvedre v\u00e1logathatsz! Jelentkezz m\u00e1r ak\u00e1r 15 \u00e9ves kort\u00f3l. Nem gond, ha nem a f\u0151v\u00e1rosban laksz, orsz\u00e1gszerte lehet\u0151s\u00e9get biztos\u00edtunk Neked a munk\u00e1ra.\",\"url\":\"https:\\\/\\\/www.eudiakok.hu\\\/blog\\\/author\\\/eudiakok\\\/\"}]}<\/script>\n<!-- \/ Yoast SEO plugin. -->","yoast_head_json":{"title":"Mire figyelj, ha di\u00e1kk\u00e9nt v\u00e1llalsz munk\u00e1t? - euDI\u00c1KOK Blog","robots":{"index":"index","follow":"follow","max-snippet":"max-snippet:-1","max-image-preview":"max-image-preview:large","max-video-preview":"max-video-preview:-1"},"canonical":"https:\/\/www.eudiakok.hu\/blog\/mire-figyelj-ha-diakkent-vallalsz-munkat\/","og_locale":"hu_HU","og_type":"article","og_title":"Mire figyelj, ha di\u00e1kk\u00e9nt v\u00e1llalsz munk\u00e1t? - euDI\u00c1KOK Blog","og_description":"Szuper lehet\u0151s\u00e9g a di\u00e1kmunka, ha m\u00e1r a tanul\u00f3 \u00e9veidben is saj\u00e1t keresetet szeretn\u00e9l. Van azonban n\u00e9h\u00e1ny dolog, amire figyelned kell, miel\u0151tt di\u00e1kmunk\u00e1t v\u00e1llalsz.","og_url":"https:\/\/www.eudiakok.hu\/blog\/mire-figyelj-ha-diakkent-vallalsz-munkat\/","og_site_name":"euDI\u00c1KOK Blog","article_publisher":"https:\/\/www.facebook.com\/eudiakok","article_published_time":"2021-03-22T10:49:00+00:00","article_modified_time":"2023-03-03T12:08:55+00:00","og_image":[{"width":1920,"height":1280,"url":"https:\/\/www.eudiakok.hu\/blog\/wp-content\/uploads\/2021\/03\/diakmunka-erre-figyelj-1920x1280-1.jpg","type":"image\/jpeg"}],"author":"euDI\u00c1KOK","twitter_card":"summary_large_image","twitter_misc":{"Szerz\u0151:":"euDI\u00c1KOK","Becs\u00fclt olvas\u00e1si id\u0151":"6 perc"},"schema":{"@context":"https:\/\/schema.org","@graph":[{"@type":"Article","@id":"https:\/\/www.eudiakok.hu\/blog\/mire-figyelj-ha-diakkent-vallalsz-munkat\/#article","isPartOf":{"@id":"https:\/\/www.eudiakok.hu\/blog\/mire-figyelj-ha-diakkent-vallalsz-munkat\/"},"author":{"name":"euDI\u00c1KOK","@id":"https:\/\/www.eudiakok.hu\/blog\/#\/schema\/person\/170aa30623d39e8c44086918ce180237"},"headline":"Mire figyelj, ha di\u00e1kk\u00e9nt v\u00e1llalsz munk\u00e1t?","datePublished":"2021-03-22T10:49:00+00:00","dateModified":"2023-03-03T12:08:55+00:00","mainEntityOfPage":{"@id":"https:\/\/www.eudiakok.hu\/blog\/mire-figyelj-ha-diakkent-vallalsz-munkat\/"},"wordCount":1518,"commentCount":0,"publisher":{"@id":"https:\/\/www.eudiakok.hu\/blog\/#organization"},"image":{"@id":"https:\/\/www.eudiakok.hu\/blog\/mire-figyelj-ha-diakkent-vallalsz-munkat\/#primaryimage"},"thumbnailUrl":"https:\/\/www.eudiakok.hu\/blog\/wp-content\/uploads\/2021\/03\/diakmunka-erre-figyelj-1920x1280-1.jpg","keywords":["Di\u00e1kmunka","Munkav\u00e1llal\u00e1s"],"articleSection":["Munkav\u00e1llal\u00e1s"],"inLanguage":"hu"},{"@type":"WebPage","@id":"https:\/\/www.eudiakok.hu\/blog\/mire-figyelj-ha-diakkent-vallalsz-munkat\/","url":"https:\/\/www.eudiakok.hu\/blog\/mire-figyelj-ha-diakkent-vallalsz-munkat\/","name":"Mire figyelj, ha di\u00e1kk\u00e9nt v\u00e1llalsz munk\u00e1t? - euDI\u00c1KOK Blog","isPartOf":{"@id":"https:\/\/www.eudiakok.hu\/blog\/#website"},"primaryImageOfPage":{"@id":"https:\/\/www.eudiakok.hu\/blog\/mire-figyelj-ha-diakkent-vallalsz-munkat\/#primaryimage"},"image":{"@id":"https:\/\/www.eudiakok.hu\/blog\/mire-figyelj-ha-diakkent-vallalsz-munkat\/#primaryimage"},"thumbnailUrl":"https:\/\/www.eudiakok.hu\/blog\/wp-content\/uploads\/2021\/03\/diakmunka-erre-figyelj-1920x1280-1.jpg","datePublished":"2021-03-22T10:49:00+00:00","dateModified":"2023-03-03T12:08:55+00:00","breadcrumb":{"@id":"https:\/\/www.eudiakok.hu\/blog\/mire-figyelj-ha-diakkent-vallalsz-munkat\/#breadcrumb"},"inLanguage":"hu","potentialAction":[{"@type":"ReadAction","target":["https:\/\/www.eudiakok.hu\/blog\/mire-figyelj-ha-diakkent-vallalsz-munkat\/"]}]},{"@type":"ImageObject","inLanguage":"hu","@id":"https:\/\/www.eudiakok.hu\/blog\/mire-figyelj-ha-diakkent-vallalsz-munkat\/#primaryimage","url":"https:\/\/www.eudiakok.hu\/blog\/wp-content\/uploads\/2021\/03\/diakmunka-erre-figyelj-1920x1280-1.jpg","contentUrl":"https:\/\/www.eudiakok.hu\/blog\/wp-content\/uploads\/2021\/03\/diakmunka-erre-figyelj-1920x1280-1.jpg","width":1920,"height":1280},{"@type":"BreadcrumbList","@id":"https:\/\/www.eudiakok.hu\/blog\/mire-figyelj-ha-diakkent-vallalsz-munkat\/#breadcrumb","itemListElement":[{"@type":"ListItem","position":1,"name":"Home","item":"https:\/\/www.eudiakok.hu\/blog\/"},{"@type":"ListItem","position":2,"name":"Mire figyelj, ha di\u00e1kk\u00e9nt v\u00e1llalsz munk\u00e1t?"}]},{"@type":"WebSite","@id":"https:\/\/www.eudiakok.hu\/blog\/#website","url":"https:\/\/www.eudiakok.hu\/blog\/","name":"euDI\u00c1KOK Blog","description":"Sz\u00ednes h\u00edreink a di\u00e1kmunka vil\u00e1g\u00e1b\u00f3l","publisher":{"@id":"https:\/\/www.eudiakok.hu\/blog\/#organization"},"potentialAction":[{"@type":"SearchAction","target":{"@type":"EntryPoint","urlTemplate":"https:\/\/www.eudiakok.hu\/blog\/?s={search_term_string}"},"query-input":{"@type":"PropertyValueSpecification","valueRequired":true,"valueName":"search_term_string"}}],"inLanguage":"hu"},{"@type":"Organization","@id":"https:\/\/www.eudiakok.hu\/blog\/#organization","name":"euDI\u00c1KOK","url":"https:\/\/www.eudiakok.hu\/blog\/","logo":{"@type":"ImageObject","inLanguage":"hu","@id":"https:\/\/www.eudiakok.hu\/blog\/#\/schema\/logo\/image\/","url":"https:\/\/www.eudiakok.hu\/blog\/wp-content\/uploads\/2021\/01\/eu-diakok.png","contentUrl":"https:\/\/www.eudiakok.hu\/blog\/wp-content\/uploads\/2021\/01\/eu-diakok.png","width":1638,"height":960,"caption":"euDI\u00c1KOK"},"image":{"@id":"https:\/\/www.eudiakok.hu\/blog\/#\/schema\/logo\/image\/"},"sameAs":["https:\/\/www.facebook.com\/eudiakok","https:\/\/www.instagram.com\/eudiakok_diakmunka\/","https:\/\/www.youtube.com\/channel\/UCVqA-rbCcm8C6NbvcTdrFUg"]},{"@type":"Person","@id":"https:\/\/www.eudiakok.hu\/blog\/#\/schema\/person\/170aa30623d39e8c44086918ce180237","name":"euDI\u00c1KOK","image":{"@type":"ImageObject","inLanguage":"hu","@id":"https:\/\/secure.gravatar.com\/avatar\/2eb494097c150c789197a89e6eec31f3723e1b6ed0c9645d728fd9d06a7d8205?s=96&d=mm&r=g","url":"https:\/\/secure.gravatar.com\/avatar\/2eb494097c150c789197a89e6eec31f3723e1b6ed0c9645d728fd9d06a7d8205?s=96&d=mm&r=g","contentUrl":"https:\/\/secure.gravatar.com\/avatar\/2eb494097c150c789197a89e6eec31f3723e1b6ed0c9645d728fd9d06a7d8205?s=96&d=mm&r=g","caption":"euDI\u00c1KOK"},"description":"Az euDI\u00c1KOK Iskolasz\u00f6vetkezet a legjobb di\u00e1kmunk\u00e1kat k\u00edn\u00e1lja Neked, amib\u0151l kedvedre v\u00e1logathatsz! Jelentkezz m\u00e1r ak\u00e1r 15 \u00e9ves kort\u00f3l. Nem gond, ha nem a f\u0151v\u00e1rosban laksz, orsz\u00e1gszerte lehet\u0151s\u00e9get biztos\u00edtunk Neked a munk\u00e1ra.","url":"https:\/\/www.eudiakok.hu\/blog\/author\/eudiakok\/"}]}},"_links":{"self":[{"href":"https:\/\/www.eudiakok.hu\/blog\/wp-json\/wp\/v2\/posts\/411","targetHints":{"allow":["GET"]}}],"collection":[{"href":"https:\/\/www.eudiakok.hu\/blog\/wp-json\/wp\/v2\/posts"}],"about":[{"href":"https:\/\/www.eudiakok.hu\/blog\/wp-json\/wp\/v2\/types\/post"}],"author":[{"embeddable":true,"href":"https:\/\/www.eudiakok.hu\/blog\/wp-json\/wp\/v2\/users\/3"}],"replies":[{"embeddable":true,"href":"https:\/\/www.eudiakok.hu\/blog\/wp-json\/wp\/v2\/comments?post=411"}],"version-history":[{"count":6,"href":"https:\/\/www.eudiakok.hu\/blog\/wp-json\/wp\/v2\/posts\/411\/revisions"}],"predecessor-version":[{"id":742,"href":"https:\/\/www.eudiakok.hu\/blog\/wp-json\/wp\/v2\/posts\/411\/revisions\/742"}],"wp:featuredmedia":[{"embeddable":true,"href":"https:\/\/www.eudiakok.hu\/blog\/wp-json\/wp\/v2\/media\/415"}],"wp:attachment":[{"href":"https:\/\/www.eudiakok.hu\/blog\/wp-json\/wp\/v2\/media?parent=411"}],"wp:term":[{"taxonomy":"category","embeddable":true,"href":"https:\/\/www.eudiakok.hu\/blog\/wp-json\/wp\/v2\/categories?post=411"},{"taxonomy":"post_tag","embeddable":true,"href":"https:\/\/www.eudiakok.hu\/blog\/wp-json\/wp\/v2\/tags?post=411"}],"curies":[{"name":"wp","href":"https:\/\/api.w.org\/{rel}","templated":true}]}}