{"id":347,"date":"2021-02-05T13:34:18","date_gmt":"2021-02-05T12:34:18","guid":{"rendered":"https:\/\/www.eudiakok.hu\/blog\/?p=347"},"modified":"2021-02-07T14:48:02","modified_gmt":"2021-02-07T13:48:02","slug":"mibol-fizessem-a-tandijat-es-az-alberletet","status":"publish","type":"post","link":"https:\/\/www.eudiakok.hu\/blog\/mibol-fizessem-a-tandijat-es-az-alberletet\/","title":{"rendered":"Mib\u0151l fizessem a tand\u00edjat \u00e9s az alb\u00e9rletet?"},"content":{"rendered":"\n<p><strong>V\u00e9gre felv\u00e9telt nyert\u00e9l az egyetemre, indulhatnak az egyetemista \u00e9vek! Azonban joggal mer\u00fcl fel benned a k\u00e9rd\u00e9s: mib\u0151l fogom fizetni az alb\u00e9rletet \u00e9s a tand\u00edjat? V\u00e1llaljak munk\u00e1t? Vagy ink\u00e1bb koll\u00e9giumba k\u00f6lt\u00f6zzek? Ebben az \u00f6sszefoglal\u00f3ban seg\u00edt\u00fcnk neked, hogy a lehet\u0151 legjobb d\u00f6nt\u00e9st hozd meg a lakhat\u00e1sodat \u00e9s \u00f6n\u00e1ll\u00f3s\u00e1godat illet\u0151en.<\/strong><\/p>\n\n\n\n<p>K\u00e9ts\u00e9gtelen, hogy a sikeres egyetemi felv\u00e9telit k\u00f6vet\u0151en elkezd\u0151dik \u00f6n\u00e1ll\u00f3 \u00e9leted els\u0151 komoly szakasza. Ez az id\u0151szak egy lehet\u0151s\u00e9g arra, hogy kipr\u00f3b\u00e1ld magad egyed\u00fcl, kevesebb sz\u00fcl\u0151i t\u00e1mogat\u00e1ssal, \u00e9s t\u00f6bb f\u00fcggetlens\u00e9ggel. Megismerheted, milyen az, ha a saj\u00e1t l\u00e1badon \u00e1llsz, \u00e9s kicsit fejest ugorhatsz az \u00e9letbe. Persze nem csak a sz\u00f3rakoz\u00e1s ker\u00fcl ilyenkor el\u0151t\u00e9rbe, hanem az is, mit hogyan finansz\u00edrozz egyetemi \u00e9veid alatt.&nbsp;<\/p>\n\n\n\n<p>Ez\u00e9rt azt\u00e1n olyan k\u00e9rd\u00e9sekkel is szembe tal\u00e1lod magad, mint az alb\u00e9rlet vagy koll\u00e9gium, a di\u00e1kmunka vagy di\u00e1khitel t\u00e9m\u00e1ja. Plusz el kell d\u00f6ntened a csal\u00e1doddal egy\u00fctt, hogy milyen m\u00e9rt\u00e9kben sz\u00e1m\u00edtasz a t\u00e1mogat\u00e1sukra a k\u00f6vetkez\u0151 \u00e9vekben.&nbsp;<\/p>\n\n\n\n<p>Komoly d\u00f6nt\u00e9sek ezek, amik el\u0151tt \u00e9rdemes m\u00e9rlegelni, hogy azt\u00e1n a k\u00f6vetkez\u0151 \u00e9vek meg\u00e1gyazzanak annak a dolgoz\u00f3 fiatal feln\u0151ttnek, akiv\u00e9 v\u00e1lni fogsz.<\/p>\n\n\n\n<p>(N\u00e9mi extra seg\u00edts\u00e9g, ha m\u00e9g nem v\u00e1lasztott\u00e1l egyetemet: <a href=\"https:\/\/www.eudiakok.hu\/blog\/ezekkel-a-diplomakkal-lehet-a-legjobban-keresni\/\" target=\"_blank\" rel=\"noreferrer noopener\">milyen fizet\u00e9sre sz\u00e1m\u00edthatsz a legn\u00e9pszer\u0171bb szakok diplom\u00e1ival?<\/a>)<\/p>\n\n\n\n<h2 class=\"wp-block-heading\" id=\"s=\"wp-block-heading\">Felvettek az egyetemre: hogyan tov\u00e1bb?<\/h2>\n\n\n\n<p>A sikeres felv\u00e9telit k\u00f6vet\u0151en j\u00f3 l\u00e1tnod, hogyan lehet fel\u00e9p\u00edteni az \u00f6n\u00e1ll\u00f3sod\u00f3 \u00e9leted, \u00e9s milyen k\u00f6lts\u00e9gekkel kell sz\u00e1molnod az elk\u00f6lt\u00f6z\u00e9st k\u00f6vet\u0151en. Fontos, hogy a sz\u00fcleiddel, csal\u00e1doddal olyan konszenzusra jussatok, amely mindk\u00e9t f\u00e9lnek megfelel\u0151.<\/p>\n\n\n\n<p>Elk\u00e9pzelhet\u0151, hogy a sz\u00fcleid gond n\u00e9lk\u00fcl tudnak t\u00e1mogatni, de sok csal\u00e1d nem engedheti meg mag\u00e1nak a friss egyetemista oktat\u00e1s\u00e1t, alb\u00e9rlet\u00e9t vagy koll\u00e9gium\u00e1t. Egy 18 \u00e9ves (hivatalosan m\u00e1r feln\u0151tt) beseg\u00edthet abba, hogy a sz\u00fcl\u0151 v\u00e1ll\u00e1n kevesebb teher legyen.&nbsp;<\/p>\n\n\n\n<p>Ez egy nagyon fontos l\u00e9p\u00e9s a f\u00fcggetlened\u00e9shez vezet\u0151 \u00faton. \u00c9s hidd el, sok esetben ebb\u0151l nagyot profit\u00e1lhatsz.<\/p>\n\n\n\n<p>A d\u00f6nt\u00e9st k\u00f6z\u00f6sen kell meghoznotok. A sz\u00fcleid is tudj\u00e1k, milyen \u00f6sszeggel tudnak t\u00e1mogatni, \u00e9s ennek fej\u00e9ben kell v\u00e1lasztanod lakhat\u00e1st, valamint kital\u00e1lnod, a fennmarad\u00f3 \u00f6sszeget hogyan szeretn\u00e9d el\u0151teremteni.<\/p>\n\n\n\n<p>Szerencs\u00e9re b\u0151ven akadnak lehet\u0151s\u00e9gek, de miel\u0151tt eld\u00f6nten\u00e9d, merre tov\u00e1bb, \u00e9rdemes megismerned azt is, milyen k\u00f6lts\u00e9gekkel kalkul\u00e1lj.<\/p>\n\n\n\n<div class=\"wp-block-image\"><figure class=\"aligncenter size-large is-resized\"><img decoding=\"async\" src=\"https:\/\/www.eudiakok.hu\/blog\/wp-content\/uploads\/2021\/02\/fiatal_egyetemista-1024x683.jpg\" alt=\"V\u00f6r\u00f6s haj\u00fa l\u00e1ny sz\u00fcrke p\u00f3l\u00f3ban az utc\u00e1n.\" class=\"wp-image-348\" width=\"512\" height=\"342\" srcset=\"https:\/\/www.eudiakok.hu\/blog\/wp-content\/uploads\/2021\/02\/fiatal_egyetemista-1024x683.jpg 1024w, https:\/\/www.eudiakok.hu\/blog\/wp-content\/uploads\/2021\/02\/fiatal_egyetemista-300x200.jpg 300w, https:\/\/www.eudiakok.hu\/blog\/wp-content\/uploads\/2021\/02\/fiatal_egyetemista-768x512.jpg 768w, https:\/\/www.eudiakok.hu\/blog\/wp-content\/uploads\/2021\/02\/fiatal_egyetemista-1536x1024.jpg 1536w, https:\/\/www.eudiakok.hu\/blog\/wp-content\/uploads\/2021\/02\/fiatal_egyetemista-2048x1365.jpg 2048w\" sizes=\"(max-width: 512px) 100vw, 512px\" \/><\/figure><\/div>\n\n\n\n<h2 class=\"wp-block-heading\" id=\"s=\"wp-block-heading\">Milyen k\u00f6lts\u00e9gekkel sz\u00e1molj, ha egyetemista vagy?<\/h2>\n\n\n\n<p>Vannak olyan kiad\u00e1sok, amelyek egyb\u0151l eszedbe jutnak, vagy a sz\u00fcleid m\u00e1r elmond\u00e1k ezeket. \u00d6sszes\u00edtve l\u00e1tni mindezt azonban kicsit sokkol\u00f3 lehet, ez\u00e9rt is kell alaposan \u00e1tr\u00e1gni az anyagi lehet\u0151s\u00e9geket.<\/p>\n\n\n\n<p>L\u00e1ssuk, mikre kell k\u00e9sz\u00fcln\u00f6d:&nbsp;<\/p>\n\n\n\n<ul class=\"wp-block-list\"><li><strong><em>alb\u00e9rlet vagy koll\u00e9giumi d\u00edj:<\/em><\/strong> hiszen a lakhat\u00e1sod \u00f6sszege ezen a v\u00e1laszt\u00e1son m\u00falik majd;<\/li><li><strong><em>tand\u00edj:<\/em><\/strong> amennyiben nem \u00e1llami t\u00e1mogatott k\u00e9pz\u00e9sen veszel r\u00e9szt, ez mindenk\u00e9ppen egy magasabb \u00f6sszeg lesz;<\/li><li><strong><em>\u00e9lelmiszer:<\/em><\/strong> \u00e9rdemes heti bont\u00e1sban megn\u00e9zni, mire kell k\u00f6ltened, illetve mivel tudnak t\u00e1mogatni otthonr\u00f3l;<\/li><li><strong><em>ruh\u00e1zkod\u00e1s, tiszt\u00e1lkod\u00e1s:<\/em><\/strong> ezek az ig\u00e9nyek mindig egyediek, de nem maradhatnak ki a k\u00f6lts\u00e9gek kisz\u00e1mol\u00e1s\u00e1b\u00f3l;<\/li><li><strong><em>sz\u00f3rakoz\u00e1s:<\/em><\/strong> ezt ugye nem is kell t\u00falmagyar\u00e1zni;<\/li><li><strong><em>h\u00e9tv\u00e9g\u00e9k:<\/em><\/strong> hazautazol, esetleg az albiban\/koliban maradsz? A h\u00e9tv\u00e9g\u00e9k mindig k\u00f6lts\u00e9gesebbek;<\/li><li><strong><em>utaz\u00e1s:<\/em><\/strong> kiruccan\u00e1s a bar\u00e1tokkal, fesztiv\u00e1lok, k\u00f6z\u00f6s nyaral\u00e1sok;<\/li><li><strong><em>esetlegesen Erasmus program:<\/em><\/strong> j\u00f3, ha m\u00e1r az elej\u00e9n r\u00e1k\u00e9sz\u00fclsz arra, szeretn\u00e9l-e Erasmuson is r\u00e9szt venni, \u00e9s ezzel a k\u00f6lts\u00e9ggel is sz\u00e1moltok.<\/li><\/ul>\n\n\n\n<h2 class=\"wp-block-heading\" id=\"s=\"wp-block-heading\">Alb\u00e9rlet vagy koll\u00e9gium?<\/h2>\n\n\n\n<p>Mint mindennek, \u00edgy mindk\u00e9t lakhat\u00e1si lehet\u0151s\u00e9gnek is megvannak az el\u0151nyei \u00e9s h\u00e1tr\u00e1nyai. Ebben az esetben nem \u00e1rt, ha tiszt\u00e1ban vagy azzal, mennyire vagy szoci\u00e1lis, hogy van-e olyan bar\u00e1tod, ismer\u0151s\u00f6d, rokonod, akivel biztosan \u00f6ssze szeretn\u00e9l k\u00f6lt\u00f6zni, illetve, hogy mennyit tudsz, tudtok lakhat\u00e1sra sz\u00e1nni.<\/p>\n\n\n\n<p>M\u00e1s az alb\u00e9rlet k\u00f6z\u00f6ss\u00e9ge, \u00e9s m\u00e1s a koli ny\u00fczsg\u00e9se. Tudnod kell, hogy mennyire szeretsz csendben tanulni, mennyire zavarnak m\u00e1sok, \u00e9s azt is, hogy ink\u00e1bb introvert\u00e1lt vagy extrovert\u00e1lt vagy. (Ennek felder\u00edt\u00e9s\u00e9re aj\u00e1nljuk <a href=\"https:\/\/www.16personalities.com\/personality-types\" target=\"_blank\" rel=\"noreferrer noopener\">ezt a tesztet<\/a>.)<\/p>\n\n\n\n<p>Mindk\u00e9t megold\u00e1s szuper, ezt sz\u00f6gezz\u00fck le m\u00e1r az elej\u00e9n. Ahhoz azonban, hogy teljesen tiszt\u00e1n l\u00e1ss, az albi \u00e9s koli adta lehet\u0151s\u00e9geket is l\u00e1tnod kell.<\/p>\n\n\n\n<h3 class=\"wp-block-heading\" id=\"s=\"wp-block-heading\">Alb\u00e9rlet: pro \u00e9s kontra<\/h3>\n\n\n\n<p>Az albi azoknak t\u00f6k\u00e9letes, akik m\u00e1r most k\u00e9szen \u00e1llnak egy teljesen \u00f6n\u00e1ll\u00f3 h\u00e1ztart\u00e1s vezet\u00e9s\u00e9re, illetve akik egy szoba vagy lak\u00e1s teljes mag\u00e1ny\u00e1ra v\u00e1gynak. Hiszen az alb\u00e9rletben maximum h\u00e1rman, n\u00e9gyen fogtok \u00f6sszek\u00f6lt\u00f6zni, de az is elk\u00e9pzelhet\u0151, hogy egy teljesen \u00f6n\u00e1ll\u00f3 lak\u00e1st fogsz b\u00e9relni egyed\u00fcl.&nbsp;<\/p>\n\n\n\n<figure class=\"wp-block-table\"><table><tbody><tr><td><strong>Mellette<\/strong><\/td><td><strong>Ellene<\/strong><\/td><\/tr><tr><td>nyugodtabb l\u00e9gk\u00f6r<\/td><td>dr\u00e1g\u00e1bb megold\u00e1s<\/td><\/tr><tr><td>csendesebb, meghitt saj\u00e1t szoba<\/td><td>m\u00e9rs\u00e9kelt szoci\u00e1lis \u00e9let<\/td><\/tr><tr><td>nagyobb priv\u00e1t szf\u00e9ra<\/td><td>h\u00e1ztart\u00e1s teljes vezet\u00e9se, nagyobb fel\u00fcletet kell tiszt\u00e1n tartani<\/td><\/tr><tr><td>k\u00f6nnyebb pihenni, tanulni<\/td><td>mag\u00e1nyos \u00e9rz\u00e9s lehet<\/td><\/tr><tr><td>k\u00f6nnyebben lehet vend\u00e9geket, bar\u00e1tokat fogadni<\/td><td>lak\u00f3t\u00e1rsak vs h\u00e1ztart\u00e1s &#8211; azaz ki mikor takar\u00edtson?<\/td><\/tr><\/tbody><\/table><\/figure>\n\n\n\n<h4 class=\"wp-block-heading\" id=\"s=\"wp-block-heading\">Mennyibe ker\u00fcl havonta az alb\u00e9rlet?<\/h4>\n\n\n\n<p>A megfelel\u0151 d\u00f6nt\u00e9shez \u00e9rdemes l\u00e1tni az <a href=\"https:\/\/hvg.hu\/ingatlan\/20210112_alberletarak_alberlet\" target=\"_blank\" rel=\"noreferrer noopener\">alb\u00e9rlet\u00e1rakat<\/a>. Ugyanis nem mindegy, hogy egyed\u00fcl, vagy t\u00f6bben szeretn\u00e9tek \u00f6sszek\u00f6lt\u00f6zni, hogy hol venn\u00e9tek ki sz\u00edvesen alb\u00e9rletet, \u00e9s hogy mennyit tudtok r\u00e1sz\u00e1nni havonta.<\/p>\n\n\n\n<p>Az \u00e1rakr\u00f3l nagyban d\u00f6nt az, hogy hova \u00e9s mekkora lak\u00e1sba szeretn\u00e9l k\u00f6lt\u00f6zni. Vannak ugyanis dr\u00e1g\u00e1bb ker\u00fcletek, ezek f\u0151leg a belv\u00e1rost illetve a budai r\u00e9szeket jelentik, de vannak kedvez\u0151bb ker\u00fcletek is. Igaz ez a vid\u00e9ki alb\u00e9rletekre is: min\u00e9l k\u00f6zelebb van az oktat\u00e1si int\u00e9zm\u00e9nyhez, \u00e9s min\u00e9l \u00fajabb, ann\u00e1l dr\u00e1g\u00e1bb lesz.<\/p>\n\n\n\n<p>Az alb\u00e9rlet\u00e1rak nagyon v\u00e1ltoz\u00f3ak, hiszen a gazdas\u00e1g alakul\u00e1sa, a felv\u00e9telik, a turizmus \u00e9s az adott telep\u00fcl\u00e9s is befoly\u00e1solhatja ezeket.<\/p>\n\n\n\n<p>Vannak olyan v\u00e1rosr\u00e9szek, ker\u00fcletek, ahol 120 ezer forint\u00e9rt konkr\u00e9t alb\u00e9rletet vehetsz ki egy bar\u00e1toddal, m\u00e1shol ennyi\u00e9rt j\u00f3val szer\u00e9nyebb lak\u00e1st fizethetsz majd havonta. Ismerni kell ehhez az ig\u00e9nyeid is: az \u00faj\u00e9p\u00edt\u00e9s\u0171 vagy fel\u00faj\u00edtott lak\u00e1sok \u00e1ra mindig borsosabb lesz.<\/p>\n\n\n\n<div class=\"wp-block-image\"><figure class=\"aligncenter size-large is-resized\"><img decoding=\"async\" src=\"https:\/\/www.eudiakok.hu\/blog\/wp-content\/uploads\/2021\/02\/alberlet-1024x683.jpg\" alt=\"Lak\u00f3prak lak\u00e1sainak er\u00e9lyei egy sr\u00e1ga fal\u00fa h\u00e1zon.\" class=\"wp-image-349\" width=\"512\" height=\"342\" srcset=\"https:\/\/www.eudiakok.hu\/blog\/wp-content\/uploads\/2021\/02\/alberlet-1024x683.jpg 1024w, https:\/\/www.eudiakok.hu\/blog\/wp-content\/uploads\/2021\/02\/alberlet-300x200.jpg 300w, https:\/\/www.eudiakok.hu\/blog\/wp-content\/uploads\/2021\/02\/alberlet-768x512.jpg 768w, https:\/\/www.eudiakok.hu\/blog\/wp-content\/uploads\/2021\/02\/alberlet-1536x1024.jpg 1536w, https:\/\/www.eudiakok.hu\/blog\/wp-content\/uploads\/2021\/02\/alberlet-2048x1365.jpg 2048w\" sizes=\"(max-width: 512px) 100vw, 512px\" \/><\/figure><\/div>\n\n\n\n<h4 class=\"wp-block-heading\" id=\"s=\"wp-block-heading\">Hogyan v\u00e1lassz alb\u00e9rletet?<\/h4>\n\n\n\n<p>Ha az alb\u00e9rlet a befut\u00f3 lakhat\u00e1si lehet\u0151s\u00e9g, fontos, hogy odafigyelj n\u00e9h\u00e1ny szempontra, miel\u0151tt bek\u00f6lt\u00f6zn\u00e9l.<\/p>\n\n\n\n<p>Ezek az al\u00e1bbiak:<\/p>\n\n\n\n<ul class=\"wp-block-list\"><li><strong><em>B\u00e9rleti szerz\u0151d\u00e9s<\/em><\/strong>: szerz\u0151d\u00e9sk\u00f6t\u00e9s n\u00e9lk\u00fcl csak akkor v\u00e1gj bele, ha p\u00e9ld\u00e1ul a nagymam\u00e1d lak\u00e1s\u00e1ba k\u00f6lt\u00f6z\u00f6l. Az al\u00e1bbiakat tartalmazza a b\u00e9rleti szerz\u0151d\u00e9s:<ul><li>a te (b\u00e9rl\u0151) \u00e9s a b\u00e9rbead\u00f3 adatait;<\/li><li>az lak\u00e1s adatait;<\/li><li>a b\u00e9rleti d\u00edj pontos \u00f6sszeg\u00e9t, ( illetve azt is, hogy mikor, milyen form\u00e1ban kell fizeted);<\/li><li>k\u00f6z\u00fczemi d\u00edjakat, k\u00f6z\u00f6s k\u00f6lts\u00e9g fizet\u00e9s\u00e9r\u0151l minden inf\u00f3t (mikor, milyen form\u00e1ban, kinek kell fizetni);<\/li><li>fizetsz-e kauci\u00f3t (amennyiben igen, akkor mennyit \u00e9s mikor);<\/li><li>a b\u00e9rleti szerz\u0151d\u00e9s id\u0151tartam\u00e1t (hat\u00e1rozott vagy hat\u00e1rozatlan);<\/li><li>felmond\u00e1sra vonatkoz\u00f3 rendelkez\u00e9seket;<\/li><li>b\u00e9rl\u0151 \u00e9s b\u00e9rbead\u00f3 jogait \u00e9s k\u00f6telezetts\u00e9geit;<\/li><li>list\u00e1t a lak\u00e1sban tal\u00e1lhat\u00f3 t\u00e1rgyakr\u00f3l \u00e9s azok \u00e1llapot\u00e1r\u00f3l, m\u00e9r\u0151\u00f3ra\u00e1ll\u00e1sok r\u00f6gz\u00edt\u00e9s\u00e9t;<\/li><li>hol \u00e9s mikor j\u00f6tt l\u00e9tre a szerz\u0151d\u00e9s (keltez\u00e9st), al\u00e1\u00edr\u00e1sokat.<\/li><\/ul><\/li><\/ul>\n\n\n\n<ul class=\"wp-block-list\"><li><strong><em>Kauci\u00f3:<\/em><\/strong> a legt\u00f6bb esetben ezzel is sz\u00e1molnod kell, a hirdet\u00e9sek javar\u00e9sz\u00e9ben m\u00e1r felt\u00fcntetik.<\/li><li><strong><em>Rezsik\u00f6lts\u00e9g:<\/em><\/strong> ehhez nyugodtan k\u00e9rj be kor\u00e1bbi k\u00f6z\u00fczemi sz\u00e1ml\u00e1kat, hogy ne \u00e9rjen meglepet\u00e9s, illetve tiszt\u00e1zz\u00e1tok a sz\u00e1ml\u00e1k kifizet\u00e9s\u00e9nek menet\u00e9t.<\/li><li><strong><em>K\u00f6z\u00f6s k\u00f6lts\u00e9g: <\/em><\/strong>mindenk\u00e9pp k\u00e9rdezz r\u00e1, mit tartalmaz a k\u00f6z\u00f6s k\u00f6lts\u00e9g.<\/li><\/ul>\n\n\n\n<h4 class=\"wp-block-heading\" id=\"s=\"wp-block-heading\">Tippek alb\u00e9rletv\u00e1laszt\u00e1shoz<\/h4>\n\n\n\n<p>Hogy mire \u00e9rdemes odafigyelni m\u00e1r a kezdetek kezdet\u00e9n?<\/p>\n\n\n\n<p>Az al\u00e1bbiakat tartsd szem el\u0151tt albivad\u00e1szatkor:<\/p>\n\n\n\n<ul class=\"wp-block-list\"><li><strong><em>Ig\u00e9nyek: <\/em><\/strong>ha sz\u00fcks\u00e9ges, k\u00f6ss kompromisszumot, de ne alkudj meg teljesen, hiszen j\u00f3 esetben \u00e9vekig ebben a lak\u00e1sban fogsz \u00e9lni.<\/li><li><strong><em>H\u00e1nyan k\u00f6lt\u00f6zt\u00f6k: <\/em><\/strong>min\u00e9l t\u00f6bben, ann\u00e1l jobban sz\u00e9toszlanak a k\u00f6lts\u00e9gek, de ann\u00e1l zs\u00fafoltabb is lesz a lak\u00e1s.<\/li><li><strong><em>Foglal\u00f3:<\/em><\/strong> mindig vigy\u00e9l magaddal legal\u00e1bb egy havi lakb\u00e9rt, hogy ha megvan a t\u00f6k\u00e9letes hely, azonnal lecsaphass r\u00e1.<\/li><li><strong><em>Elhelyezked\u00e9s \u00e9s k\u00f6zleked\u00e9s:<\/em><\/strong> tartsd szem el\u0151tt, hogy milyen \u00fatvonalakon k\u00f6zlekedsz majd, mennyire lesz macer\u00e1s a bej\u00e1r\u00e1s, \u00e9s vedd sz\u00e1m\u00edt\u00e1sba az \u00e9jszakai k\u00f6zleked\u00e9st is!<\/li><li><strong><em>Mikor tudod megn\u00e9zni, illetve mikor k\u00f6lt\u00f6zn\u00e9l:<\/em><\/strong> vannak lak\u00e1sok, amik annyira j\u00f3 \u201cv\u00e9telnek\u201d sz\u00e1m\u00edtanak, hogy azonnal lecsapnak r\u00e1juk. Pr\u00f3b\u00e1ld meg beel\u0151zni \u0151ket h\u00e9tk\u00f6znap, \u00e9s arra is legy\u00e9l tekintettel, mikor szeretn\u00e9l k\u00f6lt\u00f6zni. Az iskolakezd\u00e9s el\u0151tt hagyj magadnak legal\u00e1bb egy hetet, hogy berendezkedhess k\u00e9nyelmesen.<\/li><\/ul>\n\n\n\n<h3 class=\"wp-block-heading\" id=\"s=\"wp-block-heading\">Koll\u00e9gium: pro \u00e9s kontra<\/h3>\n\n\n\n<p>A koll\u00e9gium kicsit m\u00e1s t\u00e9szta, mint az alb\u00e9rlet. A legt\u00f6bb koliban 2, 3 esetleg 4 f\u0151 lakik egy szob\u00e1ban, osztozni kell a f\u00fcrd\u0151n \u00e9s a konyh\u00e1n, \u00e9s sokkal nagyobb a ny\u00fczsg\u00e9s, mint egy alb\u00e9rletben. Emellett azonban a szoci\u00e1lis \u00e9let fellegv\u00e1ra biztosan a koll\u00e9gium. \u00c9letre sz\u00f3l\u00f3 bar\u00e1ts\u00e1gok, nagy bulik \u00e9s vicces szitu\u00e1ci\u00f3k t\u00e1rh\u00e1za, ahol \u00fagy tanulsz meg \u00f6n\u00e1ll\u00f3an l\u00e9tezni, hogy k\u00f6zben egy nagy bulinak t\u0171nik az eg\u00e9sz.&nbsp;<\/p>\n\n\n\n<p>Kevesebb mag\u00e1n\u00e9let jut, a legt\u00f6bb l\u00e9p\u00e9sedet, szok\u00e1sodat l\u00e1tja valaki, \u00e9s sokkal kevesebbet is tudsz egyed\u00fcl lenni.<\/p>\n\n\n\n<figure class=\"wp-block-table\"><table><tbody><tr><td><strong>Mellette<\/strong><\/td><td><strong>Ellene<\/strong><\/td><\/tr><tr><td>szoci\u00e1lisan nagyon akt\u00edv<\/td><td>nehezebb elvonulni<\/td><\/tr><tr><td>k\u00f6z\u00f6s programok, komoly bar\u00e1ts\u00e1gok kialakul\u00e1sa<\/td><td>hangosabb, nagyobb a ny\u00fczsg\u00e9s<\/td><\/tr><tr><td>olcs\u00f3bb megold\u00e1s<\/td><td>kev\u00e9sb\u00e9 szabad v\u00e1laszt\u00e1s a berendez\u00e9st, infrastrukt\u00far\u00e1t \u00e9s k\u00f6rny\u00e9ket illet\u0151en<\/td><\/tr><tr><td>sok esetben nagyon k\u00f6zel van az egyetem<\/td><td>t\u00f6bb helyis\u00e9gen is osztozni kell (f\u00fcrd\u0151, konyha)<\/td><\/tr><tr><td>mindig \u201ek\u00f6zel leszel a t\u0171zh\u00f6z\u201d, mindent els\u0151 k\u00e9zb\u0151l tudhatsz meg<\/td><td>a higi\u00e9nia n\u00e9ha megk\u00e9rd\u0151jelezhet\u0151<\/td><\/tr><\/tbody><\/table><\/figure>\n\n\n\n<p>Kolit akkor v\u00e1lassz, ha szereted a t\u00e1rsas\u00e1got, ha szeretsz k\u00f6z\u00f6sen tanulni, f\u0151zni, filmezni vagy szereted a random programokat. A kolinak ugyanis mindenn\u00e9l er\u0151sebb k\u00f6z\u00f6ss\u00e9gkov\u00e1csol\u00f3 ereje van.<\/p>\n\n\n\n<div class=\"wp-block-image\"><figure class=\"aligncenter size-large is-resized\"><img decoding=\"async\" src=\"https:\/\/www.eudiakok.hu\/blog\/wp-content\/uploads\/2021\/02\/kollegium_kozos_tanulas-1024x683.jpg\" alt=\"3 fiatal f\u00e9rfi nevetve n\u00e9znek egy laptopot.\" class=\"wp-image-350\" width=\"512\" height=\"342\" srcset=\"https:\/\/www.eudiakok.hu\/blog\/wp-content\/uploads\/2021\/02\/kollegium_kozos_tanulas-1024x683.jpg 1024w, https:\/\/www.eudiakok.hu\/blog\/wp-content\/uploads\/2021\/02\/kollegium_kozos_tanulas-300x200.jpg 300w, https:\/\/www.eudiakok.hu\/blog\/wp-content\/uploads\/2021\/02\/kollegium_kozos_tanulas-768x512.jpg 768w, https:\/\/www.eudiakok.hu\/blog\/wp-content\/uploads\/2021\/02\/kollegium_kozos_tanulas-1536x1024.jpg 1536w, https:\/\/www.eudiakok.hu\/blog\/wp-content\/uploads\/2021\/02\/kollegium_kozos_tanulas-2048x1365.jpg 2048w\" sizes=\"(max-width: 512px) 100vw, 512px\" \/><\/figure><\/div>\n\n\n\n<h3 class=\"wp-block-heading\" id=\"s=\"wp-block-heading\">Mennyibe ker\u00fcl havonta a koll\u00e9gium?<\/h3>\n\n\n\n<p>Koll\u00e9giumot persze nem kaphat meg ak\u00e1rki, hiszen ehhez olyan szoci\u00e1lis h\u00e1tt\u00e9rrel kell rendelkezni (p\u00e9ld\u00e1ul ha messze laksz \u00e9s sok a testv\u00e9red nagyobb es\u00e9llyel p\u00e1ly\u00e1zol, mint ha a szomsz\u00e9d utc\u00e1ban egyed\u00fcli gyerek vagy).&nbsp;<\/p>\n\n\n\n<p>De az biztos, hogy szemben a 120-140 ezres alb\u00e9rlettel, itt maximum 30 ezer forintb\u00f3l meg\u00faszod a lakhat\u00e1sod.&nbsp;<\/p>\n\n\n\n<p>A koll\u00e9giumi szob\u00e1k \u00e1rai is v\u00e1ltoznak: vannak r\u00e9gebbi \u00e9p\u00fcletek, ahol olcs\u00f3bb a szoba, \u00e9s lehet, hogy t\u00f6bben vagytok egy\u00fctt, de vannak p\u00e9ld\u00e1ul apartmanok, ahol csak egy szobat\u00e1rsad van, \u00e9s k\u00fcl\u00f6n f\u00fcrd\u0151 is j\u00e1r a szob\u00e1hoz.&nbsp;<\/p>\n\n\n\n<p>Ez minden egyetem eset\u00e9ben m\u00e1s, ez\u00e9rt \u00e9rdekl\u0151dj ut\u00e1na, miel\u0151tt elk\u00f6telezed magad. Nem rossz \u00f6tlet az sem, ha megn\u00e9zed magadnak a kolit, miel\u0151tt ezt a lehet\u0151s\u00e9get v\u00e1lasztod.<\/p>\n\n\n\n<h2 class=\"wp-block-heading\" id=\"s=\"wp-block-heading\">Milyen t\u00e1mogat\u00e1st adhat az egyetem vagy az \u00e1llam?<\/h2>\n\n\n\n<p>Sokf\u00e9le t\u00e1mogat\u00e1sra p\u00e1ly\u00e1zhatsz, ha lelem\u00e9nyes vagy, \u00e9s a k\u00f6r\u00fclm\u00e9nyeid is megengedik. Ezekr\u0151l mindenk\u00e9ppen t\u00e1j\u00e9koz\u00f3dj m\u00e9lyebben, \u00edgy nagyobb \u00f6sszeg\u0171 t\u00e1mogat\u00e1sokban is r\u00e9szed lehet.<\/p>\n\n\n\n<p>Ilyenek p\u00e9ld\u00e1ul:<\/p>\n\n\n\n<ul class=\"wp-block-list\"><li><strong>tanulm\u00e1nyi \u00f6szt\u00f6nd\u00edj:<\/strong> ha j\u00f3l tanulsz, szuper t\u00e1mogat\u00e1st kaphatsz;<\/li><li><strong>rendszeres szoci\u00e1lis t\u00e1mogat\u00e1s:<\/strong> ha engedik a csal\u00e1di k\u00f6r\u00fclm\u00e9nyeid;<\/li><li><strong>iskolakezd\u0151 alapt\u00e1mogat\u00e1s:<\/strong> ha most kezded az egyetemet;<\/li><li><strong>sportol\u00f3i \u00e9s egy\u00e9b \u00f6szt\u00f6nd\u00edjak:<\/strong> ezekre is \u00e9rdemes r\u00e1pillantanod;<\/li><li><strong>lakhat\u00e1si t\u00e1mogat\u00e1s:<\/strong> ha kiszorulsz a kolib\u00f3l, erre is lehet\u0151s\u00e9ged van;<\/li><\/ul>\n\n\n\n<p>Mindenk\u00e9ppen \u00e9rdemes ut\u00e1nan\u00e9zni, mire vagy jogosult, \u00e9s megp\u00e1ly\u00e1zni ezeket az \u00f6sszegeket, mert komoly seg\u00edts\u00e9get ny\u00fajthatnak a tanulm\u00e1nyi \u00e9vek alatt.&nbsp;<\/p>\n\n\n\n<h2 class=\"wp-block-heading\" id=\"s=\"wp-block-heading\">Ha egyed\u00fcl boldoguln\u00e1l: mik a lehet\u0151s\u00e9geid?<\/h2>\n\n\n\n<p>Nem minden csal\u00e1d engedheti meg mag\u00e1nak, hogy fizesse az egyetemi \u00e9vek alatt \u00f6sszegy\u0171l\u0151 k\u00f6lts\u00e9geket. De nem is lehet ez elv\u00e1r\u00e1s, hiszen 18 \u00e9ves fiatalk\u00e9nt m\u00e1r tudsz gondoskodni magadr\u00f3l, ak\u00e1r r\u00e9szben is.&nbsp;<\/p>\n\n\n\n<p>Hatalmas \u00f6n\u00e1ll\u00f3s\u00e1got adhat, ha m\u00e1r most magadnak keresi meg a tand\u00edjra val\u00f3t, ez\u00e9rt n\u00e9zd meg, mik a lehet\u0151s\u00e9geid.<\/p>\n\n\n\n<h4 class=\"wp-block-heading\" id=\"s=\"wp-block-heading\">Di\u00e1khitel<\/h4>\n\n\n\n<p>Nev\u00e9ben nagyj\u00e1b\u00f3l minden benne van: ez egy havi t\u00e1mogat\u00e1s, de eg\u00e9sz\u00e9ben is ig\u00e9nyelheted, amelyet majd akkor kell visszafizetned, amikor dolgozni kezdesz az egyetemi \u00e9vek ut\u00e1n.<\/p>\n\n\n\n<p>A t\u00f6rleszt\u00e9s r\u00e9szleteit az aktu\u00e1lis j\u00f6vedelmedb\u0151l sz\u00e1m\u00edtj\u00e1k majd ki.&nbsp;<\/p>\n\n\n\n<p>\u00c1ltal\u00e1ban azok a hallgat\u00f3k ig\u00e9nylik, akiknek nem tudnak elegend\u0151 t\u00e1mogat\u00e1st adni a sz\u00fcl\u0151k, \u00e9s valami\u00e9rt nem opci\u00f3 az iskola melletti munka (p\u00e9ld\u00e1ul olyan szakra j\u00e1r, ami mellett nem f\u00e9r bele, stb.)<\/p>\n\n\n\n<p>A Di\u00e1khitel r\u00e9szleteir\u0151l <a href=\"https:\/\/diakhitel.hu\/\" target=\"_blank\" rel=\"noreferrer noopener\">itt olvashatsz<\/a> b\u0151vebben.<\/p>\n\n\n\n<h4 class=\"wp-block-heading\" id=\"s=\"wp-block-heading\">Di\u00e1kmunka<\/h4>\n\n\n\n<p>A di\u00e1kmunka ma m\u00e1r nem azt jelenti, hogy rengeteget kell dolgozni kis \u00f6sszeg\u00e9rt. Rengeteg lehet\u0151s\u00e9ged van, ak\u00e1r gyakornoki programban is r\u00e9szt venni, ahol a tanult szakm\u00e1n bel\u00fcl is belek\u00f3stolhatsz k\u00fcl\u00f6nf\u00e9le \u00e1gazatokba.<\/p>\n\n\n\n<p>Dolgozhatsz id\u0151szakosan, amikor musz\u00e1j, igazodhatsz az \u00f3rarendedhez, de h\u00e9tv\u00e9gi munk\u00e1kat is v\u00e1llalhatsz.&nbsp;<\/p>\n\n\n\n<p>Az euDI\u00c1KOK-n\u00e1l p\u00e9ld\u00e1ul kifejezetten \u00fagy szervezz\u00fck ki a jelentkez\u0151 hallgat\u00f3kat, hogy mind munkav\u00e1llal\u00f3i mind munk\u00e1ltat\u00f3i szempontb\u00f3l gy\u00fcm\u00f6lcs\u00f6z\u0151 legyen a kapcsolat. Rengeteg lehet\u0151s\u00e9g k\u00f6z\u00fcl v\u00e1laszthatsz, amelyek seg\u00edtenek az anyagi helyzeted t\u00e1mogat\u00e1s\u00e1ban \u00e9s emellett nagyon szuper tapasztalatokat is adnak.<\/p>\n\n\n\n<div class=\"wp-block-image\"><figure class=\"aligncenter size-large is-resized\"><img decoding=\"async\" src=\"https:\/\/www.eudiakok.hu\/blog\/wp-content\/uploads\/2021\/02\/diak_irodai_munka-1024x683.jpg\" alt=\"K\u00e9t f\u00e9rfi dolgozik egy irod\u00e1ban, el\u0151tt\u00fck laptopok \u00e9s monitorok.\" class=\"wp-image-351\" width=\"512\" height=\"342\" srcset=\"https:\/\/www.eudiakok.hu\/blog\/wp-content\/uploads\/2021\/02\/diak_irodai_munka-1024x683.jpg 1024w, https:\/\/www.eudiakok.hu\/blog\/wp-content\/uploads\/2021\/02\/diak_irodai_munka-300x200.jpg 300w, https:\/\/www.eudiakok.hu\/blog\/wp-content\/uploads\/2021\/02\/diak_irodai_munka-768x512.jpg 768w, https:\/\/www.eudiakok.hu\/blog\/wp-content\/uploads\/2021\/02\/diak_irodai_munka-1536x1024.jpg 1536w, https:\/\/www.eudiakok.hu\/blog\/wp-content\/uploads\/2021\/02\/diak_irodai_munka-2048x1365.jpg 2048w\" sizes=\"(max-width: 512px) 100vw, 512px\" \/><\/figure><\/div>\n\n\n\n<p>Ha szeretn\u00e9d, ak\u00e1r m\u00e1r most <a href=\"https:\/\/www.eudiakok.hu\/diakmunka\" target=\"_blank\" rel=\"noreferrer noopener\">jelentkezhetsz n\u00e9h\u00e1ny szimpatikus di\u00e1kmunk\u00e1ra<\/a>.<\/p>\n\n\n\n<p>A di\u00e1kmunka \u00e9pp ez\u00e9rt j\u00f3 megold\u00e1s:&nbsp;<\/p>\n\n\n\n<ul class=\"wp-block-list\"><li>szocializ\u00e1l\u00f3dhatsz a munka vil\u00e1g\u00e1ba;&nbsp;<\/li><li>tapasztalatot szerezhetsz \u00e9s megtanulhatsz a saj\u00e1t keresett p\u00e9nzeddel b\u00e1nni;&nbsp;<\/li><li>nagyobb es\u00e9llyel kaphatsz egyetem ut\u00e1n egyb\u0151l munk\u00e1t, ak\u00e1r ott is, ahol gyakornokoskodt\u00e1l.<\/li><\/ul>\n\n\n\n<h2 class=\"wp-block-heading\" id=\"s=\"wp-block-heading\">Mire tan\u00edt meg az \u00f6n\u00e1ll\u00f3 \u00e9let?<\/h2>\n\n\n\n<p>Az \u00f6n\u00e1ll\u00f3 \u00e9let ijeszt\u0151 lehet: elk\u00e9pzelhet\u0151, hogy m\u00e9g sosem lakt\u00e1l egyed\u00fcl, nem tudod beind\u00edtani a mos\u00f3g\u00e9pet, vagy fogalmad sincs, hogyan kell vacsor\u00e1t f\u0151zni. De az egyetemi \u00e9vek pont erre val\u00f3k: megtapasztalni, milyen egyed\u00fcl boldogulni, milyen \u00e9rz\u00e9s saj\u00e1t d\u00f6nt\u00e9seket hozni, \u00e9s ha hib\u00e1zol, az m\u00e1r a saj\u00e1t hib\u00e1d, amib\u0151l rengeteget tanulhatsz.<\/p>\n\n\n\n<div class=\"wp-block-image\"><figure class=\"aligncenter size-large is-resized\"><img decoding=\"async\" src=\"https:\/\/www.eudiakok.hu\/blog\/wp-content\/uploads\/2021\/02\/onallosag_szulo_gyerek-1024x678.jpg\" alt=\"Egy n\u0151 egy f\u00e9rfi tenyer\u00e9be helyezi a kez\u00e9t.\" class=\"wp-image-352\" width=\"512\" height=\"339\" srcset=\"https:\/\/www.eudiakok.hu\/blog\/wp-content\/uploads\/2021\/02\/onallosag_szulo_gyerek-1024x678.jpg 1024w, https:\/\/www.eudiakok.hu\/blog\/wp-content\/uploads\/2021\/02\/onallosag_szulo_gyerek-300x199.jpg 300w, https:\/\/www.eudiakok.hu\/blog\/wp-content\/uploads\/2021\/02\/onallosag_szulo_gyerek-768x509.jpg 768w, https:\/\/www.eudiakok.hu\/blog\/wp-content\/uploads\/2021\/02\/onallosag_szulo_gyerek-1536x1017.jpg 1536w, https:\/\/www.eudiakok.hu\/blog\/wp-content\/uploads\/2021\/02\/onallosag_szulo_gyerek-2048x1356.jpg 2048w\" sizes=\"(max-width: 512px) 100vw, 512px\" \/><\/figure><\/div>\n\n\n\n<p>Nem rossz az, ha m\u00e9g ebben az id\u0151szakban megismered kicsit jobban magad, \u00e9s \u00e9szreveszed, mi mindenre vagy k\u00e9pes egyed\u00fcl is, sz\u00fcl\u0151i t\u00e1mogat\u00e1s n\u00e9lk\u00fcl. Ebben a p\u00e1r \u00e9vben v\u00e1lik feln\u0151tt\u00e9 a szem\u00e9lyis\u00e9ged, \u00e9s csak h\u00e1l\u00e1s leszel k\u00e9s\u0151bb magadnak, ha hagyod, hogy ez val\u00f3ban \u00f6n\u00e1ll\u00f3an megt\u00f6rt\u00e9njen.<\/p>\n\n\n\n<p>Lehet, hogy lesznek mag\u00e1nyos pillanatok, \u00e9s lesz, amikor sz\u00edvesebben menn\u00e9l haza, hogy kicsit egyengesse valaki az \u00e9leted, de k\u00e9s\u0151bb majd a megszerzett \u00f6nbizalommal tekintesz vissza erre az id\u0151szakra, \u00e9s az fog eszedbe jutni: \u201eIgen, mindezt egyed\u00fcl is megcsin\u00e1ltam!\u201d<\/p>\n\n\n\n<p>Sok sikert az \u00f6n\u00e1ll\u00f3 \u00e9lethez, mi t\u00e1mogatunk t\u00e9ged.<\/p>\n","protected":false},"excerpt":{"rendered":"<p>Az alb\u00e9rlet \u00e9s a tand\u00edj kifizet\u00e9se nem mindenkinek egyszer\u0171. N\u00e9hol a sz\u00fcl\u00f6k fizetik, n\u00e9hol a tanul\u00f3knak is be kell seg\u00edteni, \u00e9s vannak teljesen \u00f6n\u00e1llat\u00f3 di\u00e1kok. De vajon mib\u0151l fizethet\u0151 az alb\u00e9rlet \u00e9s a tand\u00edj?<\/p>\n","protected":false},"author":3,"featured_media":367,"comment_status":"open","ping_status":"closed","sticky":false,"template":"","format":"standard","meta":{"_acf_changed":false,"footnotes":""},"categories":[3,4],"tags":[20,19,18],"class_list":["post-347","post","type-post","status-publish","format-standard","has-post-thumbnail","hentry","category-diakmunka","category-tovabbtanulas","tag-alberlet","tag-diakhitel","tag-tandij"],"acf":[],"yoast_head":"<!-- This site is optimized with the Yoast SEO plugin v27.5 - https:\/\/yoast.com\/product\/yoast-seo-wordpress\/ -->\n<title>Mib\u0151l fizessem a tand\u00edjat \u00e9s az alb\u00e9rletet? - euDI\u00c1KOK Blog<\/title>\n<meta name=\"description\" content=\"Az egyetemista l\u00e9t nagy k\u00e9rd\u00e9se ez. A cikkb\u0151l kider\u00fcl, hogyan d\u00f6nts alb\u00e9rlet \u00e9s koll\u00e9gium k\u00f6z\u00f6tt. Illetve, hogyan juthatsz p\u00e9nzhez di\u00e1kk\u00e9nt.\" \/>\n<meta name=\"robots\" content=\"index, follow, max-snippet:-1, max-image-preview:large, max-video-preview:-1\" \/>\n<link rel=\"canonical\" href=\"https:\/\/www.eudiakok.hu\/blog\/mibol-fizessem-a-tandijat-es-az-alberletet\/\" \/>\n<meta property=\"og:locale\" content=\"hu_HU\" \/>\n<meta property=\"og:type\" content=\"article\" \/>\n<meta property=\"og:title\" content=\"Mib\u0151l fizessem a tand\u00edjat \u00e9s az alb\u00e9rletet? - euDI\u00c1KOK Blog\" \/>\n<meta property=\"og:description\" content=\"Az egyetemista l\u00e9t nagy k\u00e9rd\u00e9se ez. A cikkb\u0151l kider\u00fcl, hogyan d\u00f6nts alb\u00e9rlet \u00e9s koll\u00e9gium k\u00f6z\u00f6tt. Illetve, hogyan juthatsz p\u00e9nzhez di\u00e1kk\u00e9nt.\" \/>\n<meta property=\"og:url\" content=\"https:\/\/www.eudiakok.hu\/blog\/mibol-fizessem-a-tandijat-es-az-alberletet\/\" \/>\n<meta property=\"og:site_name\" content=\"euDI\u00c1KOK Blog\" \/>\n<meta property=\"article:publisher\" content=\"https:\/\/www.facebook.com\/eudiakok\" \/>\n<meta property=\"article:published_time\" content=\"2021-02-05T12:34:18+00:00\" \/>\n<meta property=\"article:modified_time\" content=\"2021-02-07T13:48:02+00:00\" \/>\n<meta property=\"og:image\" content=\"https:\/\/www.eudiakok.hu\/blog\/wp-content\/uploads\/2021\/02\/hogy-keressek-penzt-egyetem-alatt-1920x1280-1.jpg\" \/>\n\t<meta property=\"og:image:width\" content=\"1920\" \/>\n\t<meta property=\"og:image:height\" content=\"1280\" \/>\n\t<meta property=\"og:image:type\" content=\"image\/jpeg\" \/>\n<meta name=\"author\" content=\"euDI\u00c1KOK\" \/>\n<meta name=\"twitter:card\" content=\"summary_large_image\" \/>\n<meta name=\"twitter:label1\" content=\"Szerz\u0151:\" \/>\n\t<meta name=\"twitter:data1\" content=\"euDI\u00c1KOK\" \/>\n\t<meta name=\"twitter:label2\" content=\"Becs\u00fclt olvas\u00e1si id\u0151\" \/>\n\t<meta name=\"twitter:data2\" content=\"10 perc\" \/>\n<script type=\"application\/ld+json\" class=\"yoast-schema-graph\">{\"@context\":\"https:\\\/\\\/schema.org\",\"@graph\":[{\"@type\":\"Article\",\"@id\":\"https:\\\/\\\/www.eudiakok.hu\\\/blog\\\/mibol-fizessem-a-tandijat-es-az-alberletet\\\/#article\",\"isPartOf\":{\"@id\":\"https:\\\/\\\/www.eudiakok.hu\\\/blog\\\/mibol-fizessem-a-tandijat-es-az-alberletet\\\/\"},\"author\":{\"name\":\"euDI\u00c1KOK\",\"@id\":\"https:\\\/\\\/www.eudiakok.hu\\\/blog\\\/#\\\/schema\\\/person\\\/170aa30623d39e8c44086918ce180237\"},\"headline\":\"Mib\u0151l fizessem a tand\u00edjat \u00e9s az alb\u00e9rletet?\",\"datePublished\":\"2021-02-05T12:34:18+00:00\",\"dateModified\":\"2021-02-07T13:48:02+00:00\",\"mainEntityOfPage\":{\"@id\":\"https:\\\/\\\/www.eudiakok.hu\\\/blog\\\/mibol-fizessem-a-tandijat-es-az-alberletet\\\/\"},\"wordCount\":2829,\"commentCount\":0,\"publisher\":{\"@id\":\"https:\\\/\\\/www.eudiakok.hu\\\/blog\\\/#organization\"},\"image\":{\"@id\":\"https:\\\/\\\/www.eudiakok.hu\\\/blog\\\/mibol-fizessem-a-tandijat-es-az-alberletet\\\/#primaryimage\"},\"thumbnailUrl\":\"https:\\\/\\\/www.eudiakok.hu\\\/blog\\\/wp-content\\\/uploads\\\/2021\\\/02\\\/hogy-keressek-penzt-egyetem-alatt-1920x1280-1.jpg\",\"keywords\":[\"alb\u00e9rlet\",\"di\u00e1khitel\",\"tand\u00edj\"],\"articleSection\":[\"Di\u00e1kmunka\",\"Tov\u00e1bbtanul\u00e1s\"],\"inLanguage\":\"hu\"},{\"@type\":\"WebPage\",\"@id\":\"https:\\\/\\\/www.eudiakok.hu\\\/blog\\\/mibol-fizessem-a-tandijat-es-az-alberletet\\\/\",\"url\":\"https:\\\/\\\/www.eudiakok.hu\\\/blog\\\/mibol-fizessem-a-tandijat-es-az-alberletet\\\/\",\"name\":\"Mib\u0151l fizessem a tand\u00edjat \u00e9s az alb\u00e9rletet? - euDI\u00c1KOK Blog\",\"isPartOf\":{\"@id\":\"https:\\\/\\\/www.eudiakok.hu\\\/blog\\\/#website\"},\"primaryImageOfPage\":{\"@id\":\"https:\\\/\\\/www.eudiakok.hu\\\/blog\\\/mibol-fizessem-a-tandijat-es-az-alberletet\\\/#primaryimage\"},\"image\":{\"@id\":\"https:\\\/\\\/www.eudiakok.hu\\\/blog\\\/mibol-fizessem-a-tandijat-es-az-alberletet\\\/#primaryimage\"},\"thumbnailUrl\":\"https:\\\/\\\/www.eudiakok.hu\\\/blog\\\/wp-content\\\/uploads\\\/2021\\\/02\\\/hogy-keressek-penzt-egyetem-alatt-1920x1280-1.jpg\",\"datePublished\":\"2021-02-05T12:34:18+00:00\",\"dateModified\":\"2021-02-07T13:48:02+00:00\",\"description\":\"Az egyetemista l\u00e9t nagy k\u00e9rd\u00e9se ez. A cikkb\u0151l kider\u00fcl, hogyan d\u00f6nts alb\u00e9rlet \u00e9s koll\u00e9gium k\u00f6z\u00f6tt. Illetve, hogyan juthatsz p\u00e9nzhez di\u00e1kk\u00e9nt.\",\"breadcrumb\":{\"@id\":\"https:\\\/\\\/www.eudiakok.hu\\\/blog\\\/mibol-fizessem-a-tandijat-es-az-alberletet\\\/#breadcrumb\"},\"inLanguage\":\"hu\",\"potentialAction\":[{\"@type\":\"ReadAction\",\"target\":[\"https:\\\/\\\/www.eudiakok.hu\\\/blog\\\/mibol-fizessem-a-tandijat-es-az-alberletet\\\/\"]}]},{\"@type\":\"ImageObject\",\"inLanguage\":\"hu\",\"@id\":\"https:\\\/\\\/www.eudiakok.hu\\\/blog\\\/mibol-fizessem-a-tandijat-es-az-alberletet\\\/#primaryimage\",\"url\":\"https:\\\/\\\/www.eudiakok.hu\\\/blog\\\/wp-content\\\/uploads\\\/2021\\\/02\\\/hogy-keressek-penzt-egyetem-alatt-1920x1280-1.jpg\",\"contentUrl\":\"https:\\\/\\\/www.eudiakok.hu\\\/blog\\\/wp-content\\\/uploads\\\/2021\\\/02\\\/hogy-keressek-penzt-egyetem-alatt-1920x1280-1.jpg\",\"width\":1920,\"height\":1280},{\"@type\":\"BreadcrumbList\",\"@id\":\"https:\\\/\\\/www.eudiakok.hu\\\/blog\\\/mibol-fizessem-a-tandijat-es-az-alberletet\\\/#breadcrumb\",\"itemListElement\":[{\"@type\":\"ListItem\",\"position\":1,\"name\":\"Home\",\"item\":\"https:\\\/\\\/www.eudiakok.hu\\\/blog\\\/\"},{\"@type\":\"ListItem\",\"position\":2,\"name\":\"Mib\u0151l fizessem a tand\u00edjat \u00e9s az alb\u00e9rletet?\"}]},{\"@type\":\"WebSite\",\"@id\":\"https:\\\/\\\/www.eudiakok.hu\\\/blog\\\/#website\",\"url\":\"https:\\\/\\\/www.eudiakok.hu\\\/blog\\\/\",\"name\":\"euDI\u00c1KOK Blog\",\"description\":\"Sz\u00ednes h\u00edreink a di\u00e1kmunka vil\u00e1g\u00e1b\u00f3l\",\"publisher\":{\"@id\":\"https:\\\/\\\/www.eudiakok.hu\\\/blog\\\/#organization\"},\"potentialAction\":[{\"@type\":\"SearchAction\",\"target\":{\"@type\":\"EntryPoint\",\"urlTemplate\":\"https:\\\/\\\/www.eudiakok.hu\\\/blog\\\/?s={search_term_string}\"},\"query-input\":{\"@type\":\"PropertyValueSpecification\",\"valueRequired\":true,\"valueName\":\"search_term_string\"}}],\"inLanguage\":\"hu\"},{\"@type\":\"Organization\",\"@id\":\"https:\\\/\\\/www.eudiakok.hu\\\/blog\\\/#organization\",\"name\":\"euDI\u00c1KOK\",\"url\":\"https:\\\/\\\/www.eudiakok.hu\\\/blog\\\/\",\"logo\":{\"@type\":\"ImageObject\",\"inLanguage\":\"hu\",\"@id\":\"https:\\\/\\\/www.eudiakok.hu\\\/blog\\\/#\\\/schema\\\/logo\\\/image\\\/\",\"url\":\"https:\\\/\\\/www.eudiakok.hu\\\/blog\\\/wp-content\\\/uploads\\\/2021\\\/01\\\/eu-diakok.png\",\"contentUrl\":\"https:\\\/\\\/www.eudiakok.hu\\\/blog\\\/wp-content\\\/uploads\\\/2021\\\/01\\\/eu-diakok.png\",\"width\":1638,\"height\":960,\"caption\":\"euDI\u00c1KOK\"},\"image\":{\"@id\":\"https:\\\/\\\/www.eudiakok.hu\\\/blog\\\/#\\\/schema\\\/logo\\\/image\\\/\"},\"sameAs\":[\"https:\\\/\\\/www.facebook.com\\\/eudiakok\",\"https:\\\/\\\/www.instagram.com\\\/eudiakok_diakmunka\\\/\",\"https:\\\/\\\/www.youtube.com\\\/channel\\\/UCVqA-rbCcm8C6NbvcTdrFUg\"]},{\"@type\":\"Person\",\"@id\":\"https:\\\/\\\/www.eudiakok.hu\\\/blog\\\/#\\\/schema\\\/person\\\/170aa30623d39e8c44086918ce180237\",\"name\":\"euDI\u00c1KOK\",\"image\":{\"@type\":\"ImageObject\",\"inLanguage\":\"hu\",\"@id\":\"https:\\\/\\\/secure.gravatar.com\\\/avatar\\\/2eb494097c150c789197a89e6eec31f3723e1b6ed0c9645d728fd9d06a7d8205?s=96&d=mm&r=g\",\"url\":\"https:\\\/\\\/secure.gravatar.com\\\/avatar\\\/2eb494097c150c789197a89e6eec31f3723e1b6ed0c9645d728fd9d06a7d8205?s=96&d=mm&r=g\",\"contentUrl\":\"https:\\\/\\\/secure.gravatar.com\\\/avatar\\\/2eb494097c150c789197a89e6eec31f3723e1b6ed0c9645d728fd9d06a7d8205?s=96&d=mm&r=g\",\"caption\":\"euDI\u00c1KOK\"},\"description\":\"Az euDI\u00c1KOK Iskolasz\u00f6vetkezet a legjobb di\u00e1kmunk\u00e1kat k\u00edn\u00e1lja Neked, amib\u0151l kedvedre v\u00e1logathatsz! Jelentkezz m\u00e1r ak\u00e1r 15 \u00e9ves kort\u00f3l. Nem gond, ha nem a f\u0151v\u00e1rosban laksz, orsz\u00e1gszerte lehet\u0151s\u00e9get biztos\u00edtunk Neked a munk\u00e1ra.\",\"url\":\"https:\\\/\\\/www.eudiakok.hu\\\/blog\\\/author\\\/eudiakok\\\/\"}]}<\/script>\n<!-- \/ Yoast SEO plugin. -->","yoast_head_json":{"title":"Mib\u0151l fizessem a tand\u00edjat \u00e9s az alb\u00e9rletet? - euDI\u00c1KOK Blog","description":"Az egyetemista l\u00e9t nagy k\u00e9rd\u00e9se ez. A cikkb\u0151l kider\u00fcl, hogyan d\u00f6nts alb\u00e9rlet \u00e9s koll\u00e9gium k\u00f6z\u00f6tt. Illetve, hogyan juthatsz p\u00e9nzhez di\u00e1kk\u00e9nt.","robots":{"index":"index","follow":"follow","max-snippet":"max-snippet:-1","max-image-preview":"max-image-preview:large","max-video-preview":"max-video-preview:-1"},"canonical":"https:\/\/www.eudiakok.hu\/blog\/mibol-fizessem-a-tandijat-es-az-alberletet\/","og_locale":"hu_HU","og_type":"article","og_title":"Mib\u0151l fizessem a tand\u00edjat \u00e9s az alb\u00e9rletet? - euDI\u00c1KOK Blog","og_description":"Az egyetemista l\u00e9t nagy k\u00e9rd\u00e9se ez. A cikkb\u0151l kider\u00fcl, hogyan d\u00f6nts alb\u00e9rlet \u00e9s koll\u00e9gium k\u00f6z\u00f6tt. Illetve, hogyan juthatsz p\u00e9nzhez di\u00e1kk\u00e9nt.","og_url":"https:\/\/www.eudiakok.hu\/blog\/mibol-fizessem-a-tandijat-es-az-alberletet\/","og_site_name":"euDI\u00c1KOK Blog","article_publisher":"https:\/\/www.facebook.com\/eudiakok","article_published_time":"2021-02-05T12:34:18+00:00","article_modified_time":"2021-02-07T13:48:02+00:00","og_image":[{"width":1920,"height":1280,"url":"https:\/\/www.eudiakok.hu\/blog\/wp-content\/uploads\/2021\/02\/hogy-keressek-penzt-egyetem-alatt-1920x1280-1.jpg","type":"image\/jpeg"}],"author":"euDI\u00c1KOK","twitter_card":"summary_large_image","twitter_misc":{"Szerz\u0151:":"euDI\u00c1KOK","Becs\u00fclt olvas\u00e1si id\u0151":"10 perc"},"schema":{"@context":"https:\/\/schema.org","@graph":[{"@type":"Article","@id":"https:\/\/www.eudiakok.hu\/blog\/mibol-fizessem-a-tandijat-es-az-alberletet\/#article","isPartOf":{"@id":"https:\/\/www.eudiakok.hu\/blog\/mibol-fizessem-a-tandijat-es-az-alberletet\/"},"author":{"name":"euDI\u00c1KOK","@id":"https:\/\/www.eudiakok.hu\/blog\/#\/schema\/person\/170aa30623d39e8c44086918ce180237"},"headline":"Mib\u0151l fizessem a tand\u00edjat \u00e9s az alb\u00e9rletet?","datePublished":"2021-02-05T12:34:18+00:00","dateModified":"2021-02-07T13:48:02+00:00","mainEntityOfPage":{"@id":"https:\/\/www.eudiakok.hu\/blog\/mibol-fizessem-a-tandijat-es-az-alberletet\/"},"wordCount":2829,"commentCount":0,"publisher":{"@id":"https:\/\/www.eudiakok.hu\/blog\/#organization"},"image":{"@id":"https:\/\/www.eudiakok.hu\/blog\/mibol-fizessem-a-tandijat-es-az-alberletet\/#primaryimage"},"thumbnailUrl":"https:\/\/www.eudiakok.hu\/blog\/wp-content\/uploads\/2021\/02\/hogy-keressek-penzt-egyetem-alatt-1920x1280-1.jpg","keywords":["alb\u00e9rlet","di\u00e1khitel","tand\u00edj"],"articleSection":["Di\u00e1kmunka","Tov\u00e1bbtanul\u00e1s"],"inLanguage":"hu"},{"@type":"WebPage","@id":"https:\/\/www.eudiakok.hu\/blog\/mibol-fizessem-a-tandijat-es-az-alberletet\/","url":"https:\/\/www.eudiakok.hu\/blog\/mibol-fizessem-a-tandijat-es-az-alberletet\/","name":"Mib\u0151l fizessem a tand\u00edjat \u00e9s az alb\u00e9rletet? - euDI\u00c1KOK Blog","isPartOf":{"@id":"https:\/\/www.eudiakok.hu\/blog\/#website"},"primaryImageOfPage":{"@id":"https:\/\/www.eudiakok.hu\/blog\/mibol-fizessem-a-tandijat-es-az-alberletet\/#primaryimage"},"image":{"@id":"https:\/\/www.eudiakok.hu\/blog\/mibol-fizessem-a-tandijat-es-az-alberletet\/#primaryimage"},"thumbnailUrl":"https:\/\/www.eudiakok.hu\/blog\/wp-content\/uploads\/2021\/02\/hogy-keressek-penzt-egyetem-alatt-1920x1280-1.jpg","datePublished":"2021-02-05T12:34:18+00:00","dateModified":"2021-02-07T13:48:02+00:00","description":"Az egyetemista l\u00e9t nagy k\u00e9rd\u00e9se ez. A cikkb\u0151l kider\u00fcl, hogyan d\u00f6nts alb\u00e9rlet \u00e9s koll\u00e9gium k\u00f6z\u00f6tt. Illetve, hogyan juthatsz p\u00e9nzhez di\u00e1kk\u00e9nt.","breadcrumb":{"@id":"https:\/\/www.eudiakok.hu\/blog\/mibol-fizessem-a-tandijat-es-az-alberletet\/#breadcrumb"},"inLanguage":"hu","potentialAction":[{"@type":"ReadAction","target":["https:\/\/www.eudiakok.hu\/blog\/mibol-fizessem-a-tandijat-es-az-alberletet\/"]}]},{"@type":"ImageObject","inLanguage":"hu","@id":"https:\/\/www.eudiakok.hu\/blog\/mibol-fizessem-a-tandijat-es-az-alberletet\/#primaryimage","url":"https:\/\/www.eudiakok.hu\/blog\/wp-content\/uploads\/2021\/02\/hogy-keressek-penzt-egyetem-alatt-1920x1280-1.jpg","contentUrl":"https:\/\/www.eudiakok.hu\/blog\/wp-content\/uploads\/2021\/02\/hogy-keressek-penzt-egyetem-alatt-1920x1280-1.jpg","width":1920,"height":1280},{"@type":"BreadcrumbList","@id":"https:\/\/www.eudiakok.hu\/blog\/mibol-fizessem-a-tandijat-es-az-alberletet\/#breadcrumb","itemListElement":[{"@type":"ListItem","position":1,"name":"Home","item":"https:\/\/www.eudiakok.hu\/blog\/"},{"@type":"ListItem","position":2,"name":"Mib\u0151l fizessem a tand\u00edjat \u00e9s az alb\u00e9rletet?"}]},{"@type":"WebSite","@id":"https:\/\/www.eudiakok.hu\/blog\/#website","url":"https:\/\/www.eudiakok.hu\/blog\/","name":"euDI\u00c1KOK Blog","description":"Sz\u00ednes h\u00edreink a di\u00e1kmunka vil\u00e1g\u00e1b\u00f3l","publisher":{"@id":"https:\/\/www.eudiakok.hu\/blog\/#organization"},"potentialAction":[{"@type":"SearchAction","target":{"@type":"EntryPoint","urlTemplate":"https:\/\/www.eudiakok.hu\/blog\/?s={search_term_string}"},"query-input":{"@type":"PropertyValueSpecification","valueRequired":true,"valueName":"search_term_string"}}],"inLanguage":"hu"},{"@type":"Organization","@id":"https:\/\/www.eudiakok.hu\/blog\/#organization","name":"euDI\u00c1KOK","url":"https:\/\/www.eudiakok.hu\/blog\/","logo":{"@type":"ImageObject","inLanguage":"hu","@id":"https:\/\/www.eudiakok.hu\/blog\/#\/schema\/logo\/image\/","url":"https:\/\/www.eudiakok.hu\/blog\/wp-content\/uploads\/2021\/01\/eu-diakok.png","contentUrl":"https:\/\/www.eudiakok.hu\/blog\/wp-content\/uploads\/2021\/01\/eu-diakok.png","width":1638,"height":960,"caption":"euDI\u00c1KOK"},"image":{"@id":"https:\/\/www.eudiakok.hu\/blog\/#\/schema\/logo\/image\/"},"sameAs":["https:\/\/www.facebook.com\/eudiakok","https:\/\/www.instagram.com\/eudiakok_diakmunka\/","https:\/\/www.youtube.com\/channel\/UCVqA-rbCcm8C6NbvcTdrFUg"]},{"@type":"Person","@id":"https:\/\/www.eudiakok.hu\/blog\/#\/schema\/person\/170aa30623d39e8c44086918ce180237","name":"euDI\u00c1KOK","image":{"@type":"ImageObject","inLanguage":"hu","@id":"https:\/\/secure.gravatar.com\/avatar\/2eb494097c150c789197a89e6eec31f3723e1b6ed0c9645d728fd9d06a7d8205?s=96&d=mm&r=g","url":"https:\/\/secure.gravatar.com\/avatar\/2eb494097c150c789197a89e6eec31f3723e1b6ed0c9645d728fd9d06a7d8205?s=96&d=mm&r=g","contentUrl":"https:\/\/secure.gravatar.com\/avatar\/2eb494097c150c789197a89e6eec31f3723e1b6ed0c9645d728fd9d06a7d8205?s=96&d=mm&r=g","caption":"euDI\u00c1KOK"},"description":"Az euDI\u00c1KOK Iskolasz\u00f6vetkezet a legjobb di\u00e1kmunk\u00e1kat k\u00edn\u00e1lja Neked, amib\u0151l kedvedre v\u00e1logathatsz! Jelentkezz m\u00e1r ak\u00e1r 15 \u00e9ves kort\u00f3l. Nem gond, ha nem a f\u0151v\u00e1rosban laksz, orsz\u00e1gszerte lehet\u0151s\u00e9get biztos\u00edtunk Neked a munk\u00e1ra.","url":"https:\/\/www.eudiakok.hu\/blog\/author\/eudiakok\/"}]}},"_links":{"self":[{"href":"https:\/\/www.eudiakok.hu\/blog\/wp-json\/wp\/v2\/posts\/347","targetHints":{"allow":["GET"]}}],"collection":[{"href":"https:\/\/www.eudiakok.hu\/blog\/wp-json\/wp\/v2\/posts"}],"about":[{"href":"https:\/\/www.eudiakok.hu\/blog\/wp-json\/wp\/v2\/types\/post"}],"author":[{"embeddable":true,"href":"https:\/\/www.eudiakok.hu\/blog\/wp-json\/wp\/v2\/users\/3"}],"replies":[{"embeddable":true,"href":"https:\/\/www.eudiakok.hu\/blog\/wp-json\/wp\/v2\/comments?post=347"}],"version-history":[{"count":6,"href":"https:\/\/www.eudiakok.hu\/blog\/wp-json\/wp\/v2\/posts\/347\/revisions"}],"predecessor-version":[{"id":368,"href":"https:\/\/www.eudiakok.hu\/blog\/wp-json\/wp\/v2\/posts\/347\/revisions\/368"}],"wp:featuredmedia":[{"embeddable":true,"href":"https:\/\/www.eudiakok.hu\/blog\/wp-json\/wp\/v2\/media\/367"}],"wp:attachment":[{"href":"https:\/\/www.eudiakok.hu\/blog\/wp-json\/wp\/v2\/media?parent=347"}],"wp:term":[{"taxonomy":"category","embeddable":true,"href":"https:\/\/www.eudiakok.hu\/blog\/wp-json\/wp\/v2\/categories?post=347"},{"taxonomy":"post_tag","embeddable":true,"href":"https:\/\/www.eudiakok.hu\/blog\/wp-json\/wp\/v2\/tags?post=347"}],"curies":[{"name":"wp","href":"https:\/\/api.w.org\/{rel}","templated":true}]}}