{"id":201,"date":"2021-01-24T09:58:40","date_gmt":"2021-01-24T08:58:40","guid":{"rendered":"https:\/\/www.eudiakok.hu\/blog\/?p=201"},"modified":"2021-01-29T11:19:13","modified_gmt":"2021-01-29T10:19:13","slug":"51-erv-hogy-gyakornoki-programban-dolgozz","status":"publish","type":"post","link":"https:\/\/www.eudiakok.hu\/blog\/51-erv-hogy-gyakornoki-programban-dolgozz\/","title":{"rendered":"5+1 \u00e9rv, hogy gyakornoki programban dolgozz"},"content":{"rendered":"\n<p>A megold\u00e1s egyszer\u0171: haszn\u00e1ld ki a lehet\u0151s\u00e9geidet, \u00e9s vegy\u00e9l r\u00e9szt gyakornoki programban!<\/p>\n\n\n\n<p>A legt\u00f6bb munkaer\u0151piacra kil\u00e9p\u0151 fiatal elk\u00e9peszt\u0151en ambici\u00f3zus. A munkahely\u00e9n folyamatos fejl\u0151d\u00e9st szeretne, c\u00e9lokat hat\u00e1roz meg \u00e9s el is akarja \u00e9rni azokat. Fontosak sz\u00e1m\u00e1ra a j\u00f3 kapcsolatok, mind emberi, mind szakmai oldalr\u00f3l, \u00e9s l\u00e1tni akarja, hova is juthat el az \u00e9vek alatt.<\/p>\n\n\n\n<p>Val\u00f3sz\u00edn\u0171leg te magad is egy vonz\u00f3 \u00e9s szakmailag magasan kvalifik\u00e1lt c\u00e9gn\u00e9l szeretn\u00e9l elhelyezkedni, egy olyan inspirat\u00edv k\u00f6rnyezetben, ahol a munkav\u00e9gz\u00e9s nem egy h\u00e9tf\u0151t\u0151l p\u00e9ntekig terjed\u0151 k\u00f6telez\u0151 szenved\u00e9s, hanem egy motiv\u00e1l\u00f3 \u00e9s izgalmas ter\u00fclet. Ahol csapatban \u00e9s \u00f6n\u00e1ll\u00f3an is dolgozhatsz, \u00e9s a fejl\u0151d\u00e9sed bor\u00edt\u00e9kolhat\u00f3 m\u00e1r a kezdetek kezdet\u00e9n.<\/p>\n\n\n\n<p>Hab\u00e1r 2020-ban 20 000-rel kevesebb fiatal d\u00f6nt\u00f6tt a fels\u0151oktat\u00e1s mellett, az elhelyezkedni v\u00e1gy\u00f3k sz\u00e1ma nem lett kevesebb. Egyre t\u00f6bben szeretn\u00e9nek m\u00e1r a fels\u0151oktat\u00e1s mellett is munk\u00e1t v\u00e1llalni, hogy azt\u00e1n jobb es\u00e9lyekkel indulhassanak neki az \u00e9letnek.<\/p>\n\n\n\n<p>A v\u00e1llalatok pedig els\u0151sorban azt tartj\u00e1k szem el\u0151tt, hogy p\u00e1lyakezd\u0151k\u00e9nt van-e m\u00e1r tapasztalatod a munka vil\u00e1g\u00e1ban, rendelkezel-e azokkal a k\u00e9pess\u00e9gekkel, amelyeket \u0151k is keresnek. Az ilyen felt\u00e9telek teljes\u00edt\u00e9s\u00e9ben seg\u00edt egy j\u00f3 gyakornoki program.<\/p>\n\n\n\n<h2 class=\"wp-block-heading\" id=\"h-mi-is-a-gyakornok-jelent-se\" id=\"s=\"wp-block-heading\" id=\"h-mi-is-a-gyakornok-jelent-se\">Mi is a gyakornok jelent\u00e9se?<\/h2>\n\n\n\n<h3 class=\"wp-block-heading\" id=\"h-joggal-mer-l-fel-a-k-rd-s-benned-mi-is-a-gyakornok-jelent-se\" id=\"s=\"wp-block-heading\" id=\"h-joggal-mer-l-fel-a-k-rd-s-benned-mi-is-a-gyakornok-jelent-se\">Joggal mer\u00fcl fel a k\u00e9rd\u00e9s benned: mi is a gyakornok jelent\u00e9se?<\/h3>\n\n\n\n<p>Kor\u00e1bban a legt\u00f6bb egyetemista di\u00e1knak egy k\u00e1v\u00e9t f\u0151z\u0151, iratokat v\u00e1logat\u00f3 robotmunka lebegett a szeme el\u0151tt, amely alatt semmi hasznosat nem tanul, csak az idej\u00e9t fecs\u00e9rli. Ma m\u00e1r az \u00e1ltalunk k\u00f6zvet\u00edtett gyakornoki programok sokkal sz\u00ednesebbek, nyitottabbak \u00e9s hatalmas lehet\u0151s\u00e9geket hordoznak magukban.<\/p>\n\n\n\n<h3 class=\"wp-block-heading\" id=\"h-mit-is-jelent-a-mi-felfog-sunkban-gyakornoknak-lenni\" id=\"s=\"wp-block-heading\" id=\"h-mit-is-jelent-a-mi-felfog-sunkban-gyakornoknak-lenni\">Mit is jelent a mi felfog\u00e1sunkban gyakornoknak lenni?<\/h3>\n\n\n\n<p>Nagy c\u00e9gekn\u00e9l, vagy ak\u00e1r kis- \u00e9s k\u00f6z\u00e9pv\u00e1llalkoz\u00e1sokn\u00e1l elhelyezkedni, tanulni, belel\u00e1tni a v\u00e1llalat m\u0171k\u00f6d\u00e9s\u00e9be, a k\u00fcl\u00f6nf\u00e9le szektorok adta lehet\u0151s\u00e9gekbe: ezek azok, amelyekkel gazdagabb lehetsz. \u00c9s ez a tud\u00e1s aranyat \u00e9r.<\/p>\n\n\n\n<p>Az pedig m\u00e1r csak hab a tort\u00e1n, hogy kapcsolatokat \u00e9p\u00edthetsz, r\u00e9szt vehetsz az operat\u00edv feladatokon t\u00fal a kreat\u00edv tervez\u00e9sekben is, \u00e9s k\u00e9pet kaphatsz arr\u00f3l, mit fogsz majd csin\u00e1lni p\u00e1r \u00e9v m\u00falva.<\/p>\n\n\n\n<p>Az id\u0151kereteket tekintve v\u00e1ltoz\u00f3, hogy melyik c\u00e9g mennyi id\u0151re keres tapasztalatszerz\u00e9sre v\u00e1gy\u00f3 di\u00e1kokat. De el\u0151fordulhatnak 1 \u00e9ves meg\u00e1llapod\u00e1sok is. J\u00f3 h\u00edr azonban, hogy a legt\u00f6bb helyen rugalmas munkaid\u0151vel sz\u00e1molhatnak a di\u00e1kok.<\/p>\n\n\n\n<figure class=\"wp-block-image\"><a href=\"https:\/\/eucsoport.hu\/samsung-gyakornok\"><img decoding=\"async\" src=\"https:\/\/www.eudiakok.hu\/admin\/kepek\/lap_kepek\/Samsung-gyakornoki-program-jelentkezes-euDIA%CC%81KOK.jpg\" alt=\"\"\/><\/a><\/figure>\n\n\n\n<p>(A k\u00e9pre kattintva jelentkezhetsz a Samsung gyakornoki programj\u00e1ba, hogy bet\u00f6lthesd a keresett poz\u00edci\u00f3t.)<\/p>\n\n\n\n<h2 class=\"wp-block-heading\" id=\"h-s-akkor-l-ssuk-a-konkr-t-el-ny-ket\" id=\"s=\"wp-block-heading\" id=\"h-s-akkor-l-ssuk-a-konkr-t-el-ny-ket\">\u00c9s akkor l\u00e1ssuk a konkr\u00e9t el\u0151ny\u00f6ket.<\/h2>\n\n\n\n<h3 class=\"wp-block-heading\" id=\"h-1-rendk-v-l-hasznos-a-gyakornoki-munkatapasztalat\" id=\"s=\"wp-block-heading\" id=\"h-1-rendk-v-l-hasznos-a-gyakornoki-munkatapasztalat\">1. Rendk\u00edv\u00fcl hasznos a gyakornoki munkatapasztalat<\/h3>\n\n\n\n<p>Az el\u0151ad\u00e1sokon \u00fclve m\u00e9g nem biztos, hogy krist\u00e1lytiszt\u00e1n l\u00e1tod magad el\u0151tt, mivel is foglalkozol majd ezek ut\u00e1n. (El sem hinn\u00e9d, mennyi egyetemista k\u00fczd ezzel a probl\u00e9m\u00e1val.) Az elm\u00e9letet sz\u00e9pen lassan megszerzed, de hogyan is n\u00e9z ki ez a mindennapokban?<\/p>\n\n\n\n<p>A legjobb egyetem sem k\u00e9pes arra, hogy a munkahelyi tapasztalatokat \u00e1tadja neked. Az el\u0151ad\u00e1sokr\u00f3l kil\u00e9pve pedig majd ott \u00e1llsz egy j\u00f3 \u00e1ll\u00e1sr\u00f3l \u00e1br\u00e1ndozva, \u00e9s minden v\u00e1gyad, hogy bizony\u00edthass.<\/p>\n\n\n\n<p><strong>A gyakornoki program pontosan erre val\u00f3:<br><\/strong>&#8211; \u00f6n\u00e1ll\u00f3, szakmai munk\u00e1ra ad lehet\u0151s\u00e9get,<br>&#8211; ahol mentor mellett fejl\u0151dhetsz,<br>&#8211; networkingelhetsz, \u00e9p\u00edtheted a szakmai kapcsolataid,<br>&#8211; v\u00e9d\u0151h\u00e1l\u00f3val pr\u00f3b\u00e1lhatod ki magad a szakter\u00fcleteden<\/p>\n\n\n\n<p>Egy szakma elsaj\u00e1t\u00edt\u00e1sa \u00e9vtizedek alatt sem biztos, hogy lehets\u00e9ges, hiszen ismered a mond\u00e1st, j\u00f3 pap holtig tanul<\/p>\n\n\n\n<p><strong>De mi\u00e9rt ne kezden\u00e9d ezt el m\u00e1r az iskolai \u00e9vek alatt?<\/strong><\/p>\n\n\n\n<h3 class=\"wp-block-heading\" id=\"h-2-a-gyakornoki-program-izgalmas-utaz-s-a-szektorokon-bel-l\" id=\"s=\"wp-block-heading\" id=\"h-2-a-gyakornoki-program-izgalmas-utaz-s-a-szektorokon-bel-l\">2. A gyakornoki program izgalmas utaz\u00e1s a szektorokon bel\u00fcl<\/h3>\n\n\n\n<p>Egy adott szektoron bel\u00fcl is elk\u00e9peszt\u0151en sok lehet\u0151s\u00e9g \u00e1ll el\u0151tted. Az IT-szektort\u00f3l kezdve a p\u00e9nz\u00fcgy\u00f6n \u00e1t a marketingig: sz\u00e1mos poz\u00edci\u00f3, ir\u00e1ny \u00e9s szakter\u00fclet v\u00e1r, hogy felfedezhesd, miben vagy a legjobb. Honnan is lehetn\u00e9l biztos abban, hogy p\u00e9ld\u00e1ul marketingesk\u00e9nt sz\u00f6veget szeretn\u00e9l majd \u00edrni, vagy ink\u00e1bb rendezv\u00e9nyeket szervezn\u00e9l?<\/p>\n\n\n\n<p>A k\u00e9szs\u00e9gek, lehet\u0151s\u00e9gek csak \u00e9lesben nyitj\u00e1k fel a szemed: ahhoz, hogy tudd merre indulj, ismerned kell a lehet\u0151s\u00e9geidet.<\/p>\n\n\n\n<p>A gyakornoki programokon bel\u00fcl betekinthetsz egy-egy szektor t\u00f6bb r\u00e9sz\u00e9be is. Kipr\u00f3b\u00e1lhatod a r\u00e9szfeladatokat, \u00e9s \u00edgy egy \u00e1rnyaltabb k\u00e9pet kapva d\u00f6ntheted el, mi is az, ami igaz\u00e1n neked val\u00f3.<\/p>\n\n\n\n<p>Ak\u00e1r v\u00e1llalkoz\u00e1si form\u00e1k k\u00f6z\u00f6tt is utazhatsz: egy multin\u00e1l kezded a gyakornoki programot, m\u00e9gis ink\u00e1bb egy startup alap\u00edt\u00e1s\u00e1ba kezden\u00e9l? A megszerzett tud\u00e1s nem v\u00e9sz el, csak \u00e1talakul, \u00e9s ez\u00e1ltal csak m\u00e9g t\u00f6bb szakmai tapasztalatra tehetsz szert.<\/p>\n\n\n\n<h3 class=\"wp-block-heading\" id=\"h-3-a-p-lyakezd-t-mogat-s-kinyitja-el-tted-a-kapukat\" id=\"s=\"wp-block-heading\" id=\"h-3-a-p-lyakezd-t-mogat-s-kinyitja-el-tted-a-kapukat\">3. A p\u00e1lyakezd\u0151 t\u00e1mogat\u00e1s kinyitja el\u0151tted a kapukat<\/h3>\n\n\n\n<p>A v\u00e1llalatok tiszt\u00e1ban vannak azzal, hogy mekkor\u00e1t nyerhetnek veled, \u00e9s azzal is, te milyen el\u0151ny\u00f6ket szerezhetsz n\u00e1luk. A gyakornoki program win-win szitu\u00e1ci\u00f3. Te egy relev\u00e1ns szakmai tapasztalattal lehetsz gazdagabb, belel\u00e1thatsz a c\u00e9g m\u0171k\u00f6d\u00e9s\u00e9be \u00e9s elsaj\u00e1t\u00edthatod a munka vil\u00e1g\u00e1nak cs\u00ednj\u00e1t-b\u00ednj\u00e1t. \u0150k pedig egy megb\u00edzhat\u00f3 \u00e9s lelkes fiatal munkat\u00e1rsat nyernek, aki a legt\u00f6bb esetben a c\u00e9gn\u00e9l is marad, \u00e9s sz\u00e9pen v\u00e9gigl\u00e9pked a szinteken. A legt\u00f6bb c\u00e9g ugyanis sz\u00edves \u00f6r\u00f6mest szerz\u0151dteti a m\u00e1r bev\u00e1lt gyakornokot, \u00e9s adja \u00e1t neki a tud\u00e1st, amellyel egy j\u00f3 szakemberr\u00e9 v\u00e1lik majd.<\/p>\n\n\n\n<h3 class=\"wp-block-heading\" id=\"h-4-az-egyetemi-k-pz-s-mellett-is-profit-lhatsz-bel-le\" id=\"s=\"wp-block-heading\" id=\"h-4-az-egyetemi-k-pz-s-mellett-is-profit-lhatsz-bel-le\">4. Az egyetemi k\u00e9pz\u00e9s mellett is profit\u00e1lhatsz bel\u0151le<\/h3>\n\n\n\n<p>Hiszen a fels\u0151oktat\u00e1sban megszerzett elm\u00e9let mellett gyakorlatban is kamatoztathatod a szakmai tud\u00e1sod. Hogy hogyan egyezteted \u00f6ssze mindezt az \u00f3r\u00e1iddal? Rendk\u00edv\u00fcl egyszer\u0171en.<\/p>\n\n\n\n<p>A v\u00e1llalatok tiszt\u00e1ban vannak azzal, hogy iskol\u00e1ba j\u00e1rsz, ez\u00e9rt a beoszt\u00e1s \u00e9s a munkaid\u0151 kezel\u00e9se rugalmas. A legt\u00f6bb helyen akkor j\u00e1rsz be, amikor a tanulm\u00e1nyaid is engedik, nincsenek fix id\u0151korl\u00e1tok.<\/p>\n\n\n\n<h3 class=\"wp-block-heading\" id=\"h-5-szakmai-fejl-d-sedet-mentorok-seg-tik\" id=\"s=\"wp-block-heading\" id=\"h-5-szakmai-fejl-d-sedet-mentorok-seg-tik\">5. Szakmai fejl\u0151d\u00e9sedet mentorok seg\u00edtik<\/h3>\n\n\n\n<p>A leger\u0151sebb \u00e9rv mind k\u00f6z\u00fcl az, hogy gyakornoki munk\u00e1dat heti rendszeress\u00e9ggel mentorok seg\u00edtik.<\/p>\n\n\n\n<p>Mit is jelent ez?<\/p>\n\n\n\n<p>A szakmai fejl\u0151d\u00e9sed megalapoz\u00e1s\u00e1t. Ugyanis a c\u00e9gek olyan nagy tud\u00e1s\u00fa szakembereket jel\u00f6lnek ki mentork\u00e9nt, akik bevonnak a feladataikba. Nem a mentorod mellett, hanem vele egy\u00fctt dolgozhatsz, ellen\u0151rzi a feladataidat \u00e9s motiv\u00e1l is, ha sz\u00fcks\u00e9ges. Arr\u00f3l nem is besz\u00e9lve, hogy egy friss szem inspir\u00e1lja, \u00faj gondolkoz\u00e1sra serkenti a mentort is. R\u00e1ad\u00e1sul egy ilyen lehet\u0151s\u00e9get a szakdolgozatod meg\u00edr\u00e1s\u00e1ra is ford\u00edthatsz. \u00c9vente gyakornokok sz\u00e1zai v\u00e1lasztj\u00e1k azt a lehet\u0151s\u00e9get, hogy a diplomamunk\u00e1jukat a gyakorlati hely\u00fck\u00f6n tapasztaltakb\u00f3l \u00edrj\u00e1k. A j\u00f3 mentor\u2013gyakornok-kapcsolatban mindk\u00e9t f\u00e9l nyer, \u00e9s gyakornokk\u00e9nt olyan ismerts\u00e9gnek lehetsz birtok\u00e1ban, ami kapcsolati t\u0151kek\u00e9nt is igen hasznos lesz majd.<\/p>\n\n\n\n<figure class=\"wp-block-image\"><img decoding=\"async\" src=\"https:\/\/www.eudiakok.hu\/admin\/kepek\/lap_kepek\/mernoki-gyakornoki-munka-euDIA%CC%81KOK.jpg\" alt=\" M\u00e9rn\u00f6ki gyakornoki programban r\u00e9szt vev\u0151 di\u00e1k a mentor\u00e1val egy\u00fctt dolgozik egy projekten.\"\/><\/figure>\n\n\n\n<h3 class=\"wp-block-heading\" id=\"h-1-a-gyakornoki-fizet-s-megtan-t-b-nni-a-p-nzzel\" id=\"s=\"wp-block-heading\" id=\"h-1-a-gyakornoki-fizet-s-megtan-t-b-nni-a-p-nzzel\">+ 1. A gyakornoki fizet\u00e9s megtan\u00edt b\u00e1nni a p\u00e9nzzel<\/h3>\n\n\n\n<p>Az els\u0151 fizet\u00e9sek beoszt\u00e1sa nem k\u00f6nny\u0171. De amikor gyakornokk\u00e9nt ti\u00e9d az els\u0151 havi b\u00e9red, el kell indulnod a nagybet\u0171s \u00c9LET \u00fatveszt\u0151in. A munk\u00e1\u00e9rt j\u00e1r\u00f3 fizets\u00e9get ugyanis be kell osztani. A h\u00e9tk\u00f6znapi \u00e9letben pedig tal\u00e1n ez az egyik legnehezebb feladat: gyakornokk\u00e9nt lehet\u0151s\u00e9ged van arra is, hogy mindezt m\u00e9g id\u0151ben elkezdhesd elsaj\u00e1t\u00edtani.A legt\u00f6bb helyen pedig c\u00e9ges laptopot \u00e9s telefont is kapnak a gyakornokok \u2013 a fizet\u00e9s\u00fck mell\u00e9.<\/p>\n\n\n\n<h2 class=\"wp-block-heading\" id=\"h-mi-rt-j-rsz-j-l-gyakornokk-nt\" id=\"s=\"wp-block-heading\" id=\"h-mi-rt-j-rsz-j-l-gyakornokk-nt\">Mi\u00e9rt j\u00e1rsz j\u00f3l gyakornokk\u00e9nt?<\/h2>\n\n\n\n<p>A szakmai fejl\u0151d\u00e9sen t\u00fal kapcsolati h\u00e1l\u00f3t \u00e9p\u00edthetsz. Ez egy rendk\u00edv\u00fcl hasznos \u00e9s fontos eleme a munka vil\u00e1g\u00e1nak, hiszen a k\u00e9s\u0151bbiekben ebb\u0151l csak profit\u00e1lhatsz. Meg\u00e9rtheted a v\u00e1llalati m\u0171k\u00f6d\u00e9st, az \u00fczlet vil\u00e1g\u00e1t: olyan tud\u00e1s ez, amelyet csak egy j\u00f3l m\u0171k\u00f6d\u0151 gyakornoki program adhat meg sz\u00e1modra. A leg\u00fajabb technol\u00f3gi\u00e1kkal ismerkedhetsz meg, l\u00e1thatod a szakma fejl\u0151d\u00e9si ir\u00e1nyait, azt, hogy merre tart az adott szektor. Ezek k\u00e9s\u0151bb olyan \u00f6tleteket nyithatnak ki benned, amelyekkel a saj\u00e1t c\u00e9ljaid \u00e9s terveid is megval\u00f3s\u00edthat\u00f3k lesznek.<\/p>\n\n\n\n<h2 class=\"wp-block-heading\" id=\"h-milyen-szakmai-gyakornoki-lehet-s-gek-v-rnak-most-az-eudi-kokn-l\" id=\"s=\"wp-block-heading\" id=\"h-milyen-szakmai-gyakornoki-lehet-s-gek-v-rnak-most-az-eudi-kokn-l\">Milyen szakmai gyakornoki lehet\u0151s\u00e9gek v\u00e1rnak most az euDI\u00c1KOKn\u00e1l?<\/h2>\n\n\n\n<p>Mi az euDI\u00c1KOKn\u00e1l sz\u00edvb\u0151l hisz\u00fcnk az ilyen kezdem\u00e9nyez\u00e9sek adta eduk\u00e1ci\u00f3s \u00e9s gazdas\u00e1gi lehet\u0151s\u00e9gekben. Nyitott gyakornoki munk\u00e1ink k\u00f6z\u00f6tt olyanok szerepelnek, mint a Samsung gyakornoki programja, ahol a leg\u00fajabb technol\u00f3gi\u00e1kkal tal\u00e1lkozhatsz. Kipr\u00f3b\u00e1lhatod magad formation m\u00e9rn\u00f6k, module m\u00e9rn\u00f6k, winding karbantart\u00f3 vagy formation automatiz\u00e1ci\u00f3s m\u00e9rn\u00f6k gyakornokk\u00e9nt. Valamint a villamos- \u00e9s g\u00e9p\u00e9szm\u00e9rn\u00f6k szakma t\u00f6bb eleme k\u00f6z\u00fcl is v\u00e1laszthatsz. B\u0151vebben az&nbsp;<a href=\"https:\/\/eucsoport.hu\/samsung-gyakornok\/\">al\u00e1bbi linken<\/a>&nbsp;b\u00f6ng\u00e9szhetsz.<\/p>\n\n\n\n<figure class=\"wp-block-image\"><img decoding=\"async\" src=\"https:\/\/www.eudiakok.hu\/admin\/kepek\/lap_kepek\/izgalmas-gyakornoki-poziciok-euDIAKOK.jpg\" alt=\"\"\/><\/figure>\n\n\n\n<p>M\u00e1s nagy m\u00falt\u00fa c\u00e9gekn\u00e9l is t\u00e1rt karokkal v\u00e1rnak. Ilyen v\u00e1llalat p\u00e9ld\u00e1ul a Harman Becker Kft. gyakornoki lehet\u0151s\u00e9ge&nbsp;<a href=\"https:\/\/www.eudiakok.hu\/munka\/jelentkezz-koltsegtervezo-mernoki-gyakornoknak-a-harman-becker-kft-hez\">k\u00f6lts\u00e9gtervez\u0151 m\u00e9rn\u00f6k gyakornokk\u00e9nt<\/a>, vagy&nbsp;<a href=\"https:\/\/www.eudiakok.hu\/munka\/jelentkezz-meg-ma-villamosmernok-gyakornoknak-es-dolgozz-egy-nemzetkozi-vallalatnal-hosszu-tavon\">villamosm\u00e9rn\u00f6k gyakornokk\u00e9nt<\/a><\/p>\n\n\n\n<p>V\u00e1runk t\u00e9ged is, ha m\u00e1r az iskolapadban szeretn\u00e9d megalapozni a j\u00f6v\u0151det. Ha pedig k\u00e9rd\u00e9sed van \u2013 legyen az a t\u00e9m\u00e1val, di\u00e1kmunk\u00e1val, esetleg karriertervez\u00e9ssel kapcsolatos \u2013, \u00edrj nek\u00fcnk \u00fczenetet b\u00e1tran!<\/p>\n","protected":false},"excerpt":{"rendered":"<p>P\u00e1lyakezd\u0151k\u00e9nt a szakmai fejl\u0151d\u00e9s \u00e9s egy j\u00f3 \u00e1ll\u00e1s bezsebel\u00e9se a c\u00e9l. De mit tehetsz hallgat\u00f3k\u00e9nt az\u00e9rt, hogy m\u00e1r gyakorlati \u00e9s relev\u00e1ns munkatapasztalattal kezdhess neki az \u00e9letnek?<\/p>\n","protected":false},"author":3,"featured_media":202,"comment_status":"open","ping_status":"closed","sticky":false,"template":"","format":"standard","meta":{"_acf_changed":false,"footnotes":""},"categories":[3,5,4],"tags":[10],"class_list":["post-201","post","type-post","status-publish","format-standard","has-post-thumbnail","hentry","category-diakmunka","category-munkavallalas","category-tovabbtanulas","tag-eudiakok"],"acf":[],"yoast_head":"<!-- This site is optimized with the Yoast SEO plugin v27.5 - https:\/\/yoast.com\/product\/yoast-seo-wordpress\/ -->\n<title>5+1 \u00e9rv, hogy gyakornoki programban dolgozz - euDI\u00c1KOK Blog<\/title>\n<meta name=\"description\" content=\"P\u00e1lyakezd\u0151k\u00e9nt a tapasztalatszerz\u00e9s a legnehezebb. Pedig a legt\u00f6bb \u00e1ll\u00e1shirdet\u00e9sben felt\u00e9tel. Egy gyakornoki program ebben (is) seg\u00edt neked.\" \/>\n<meta name=\"robots\" content=\"index, follow, max-snippet:-1, max-image-preview:large, max-video-preview:-1\" \/>\n<link rel=\"canonical\" href=\"https:\/\/www.eudiakok.hu\/blog\/51-erv-hogy-gyakornoki-programban-dolgozz\/\" \/>\n<meta property=\"og:locale\" content=\"hu_HU\" \/>\n<meta property=\"og:type\" content=\"article\" \/>\n<meta property=\"og:title\" content=\"5+1 \u00e9rv, hogy gyakornoki programban dolgozz - euDI\u00c1KOK Blog\" \/>\n<meta property=\"og:description\" content=\"P\u00e1lyakezd\u0151k\u00e9nt a tapasztalatszerz\u00e9s a legnehezebb. Pedig a legt\u00f6bb \u00e1ll\u00e1shirdet\u00e9sben felt\u00e9tel. Egy gyakornoki program ebben (is) seg\u00edt neked.\" \/>\n<meta property=\"og:url\" content=\"https:\/\/www.eudiakok.hu\/blog\/51-erv-hogy-gyakornoki-programban-dolgozz\/\" \/>\n<meta property=\"og:site_name\" content=\"euDI\u00c1KOK Blog\" \/>\n<meta property=\"article:publisher\" content=\"https:\/\/www.facebook.com\/eudiakok\" \/>\n<meta property=\"article:published_time\" content=\"2021-01-24T08:58:40+00:00\" \/>\n<meta property=\"article:modified_time\" content=\"2021-01-29T10:19:13+00:00\" \/>\n<meta property=\"og:image\" content=\"https:\/\/www.eudiakok.hu\/blog\/wp-content\/uploads\/2021\/01\/5-1-erv-hogy-gyakornoki-programban-dolgozz.jpg\" \/>\n\t<meta property=\"og:image:width\" content=\"1920\" \/>\n\t<meta property=\"og:image:height\" content=\"1280\" \/>\n\t<meta property=\"og:image:type\" content=\"image\/jpeg\" \/>\n<meta name=\"author\" content=\"euDI\u00c1KOK\" \/>\n<meta name=\"twitter:card\" content=\"summary_large_image\" \/>\n<meta name=\"twitter:label1\" content=\"Szerz\u0151:\" \/>\n\t<meta name=\"twitter:data1\" content=\"euDI\u00c1KOK\" \/>\n\t<meta name=\"twitter:label2\" content=\"Becs\u00fclt olvas\u00e1si id\u0151\" \/>\n\t<meta name=\"twitter:data2\" content=\"6 perc\" \/>\n<script type=\"application\/ld+json\" class=\"yoast-schema-graph\">{\"@context\":\"https:\\\/\\\/schema.org\",\"@graph\":[{\"@type\":\"Article\",\"@id\":\"https:\\\/\\\/www.eudiakok.hu\\\/blog\\\/51-erv-hogy-gyakornoki-programban-dolgozz\\\/#article\",\"isPartOf\":{\"@id\":\"https:\\\/\\\/www.eudiakok.hu\\\/blog\\\/51-erv-hogy-gyakornoki-programban-dolgozz\\\/\"},\"author\":{\"name\":\"euDI\u00c1KOK\",\"@id\":\"https:\\\/\\\/www.eudiakok.hu\\\/blog\\\/#\\\/schema\\\/person\\\/170aa30623d39e8c44086918ce180237\"},\"headline\":\"5+1 \u00e9rv, hogy gyakornoki programban dolgozz\",\"datePublished\":\"2021-01-24T08:58:40+00:00\",\"dateModified\":\"2021-01-29T10:19:13+00:00\",\"mainEntityOfPage\":{\"@id\":\"https:\\\/\\\/www.eudiakok.hu\\\/blog\\\/51-erv-hogy-gyakornoki-programban-dolgozz\\\/\"},\"wordCount\":1688,\"commentCount\":0,\"publisher\":{\"@id\":\"https:\\\/\\\/www.eudiakok.hu\\\/blog\\\/#organization\"},\"image\":{\"@id\":\"https:\\\/\\\/www.eudiakok.hu\\\/blog\\\/51-erv-hogy-gyakornoki-programban-dolgozz\\\/#primaryimage\"},\"thumbnailUrl\":\"https:\\\/\\\/www.eudiakok.hu\\\/blog\\\/wp-content\\\/uploads\\\/2021\\\/01\\\/5-1-erv-hogy-gyakornoki-programban-dolgozz.jpg\",\"keywords\":[\"eudi\u00e1kok\"],\"articleSection\":[\"Di\u00e1kmunka\",\"Munkav\u00e1llal\u00e1s\",\"Tov\u00e1bbtanul\u00e1s\"],\"inLanguage\":\"hu\"},{\"@type\":\"WebPage\",\"@id\":\"https:\\\/\\\/www.eudiakok.hu\\\/blog\\\/51-erv-hogy-gyakornoki-programban-dolgozz\\\/\",\"url\":\"https:\\\/\\\/www.eudiakok.hu\\\/blog\\\/51-erv-hogy-gyakornoki-programban-dolgozz\\\/\",\"name\":\"5+1 \u00e9rv, hogy gyakornoki programban dolgozz - euDI\u00c1KOK Blog\",\"isPartOf\":{\"@id\":\"https:\\\/\\\/www.eudiakok.hu\\\/blog\\\/#website\"},\"primaryImageOfPage\":{\"@id\":\"https:\\\/\\\/www.eudiakok.hu\\\/blog\\\/51-erv-hogy-gyakornoki-programban-dolgozz\\\/#primaryimage\"},\"image\":{\"@id\":\"https:\\\/\\\/www.eudiakok.hu\\\/blog\\\/51-erv-hogy-gyakornoki-programban-dolgozz\\\/#primaryimage\"},\"thumbnailUrl\":\"https:\\\/\\\/www.eudiakok.hu\\\/blog\\\/wp-content\\\/uploads\\\/2021\\\/01\\\/5-1-erv-hogy-gyakornoki-programban-dolgozz.jpg\",\"datePublished\":\"2021-01-24T08:58:40+00:00\",\"dateModified\":\"2021-01-29T10:19:13+00:00\",\"description\":\"P\u00e1lyakezd\u0151k\u00e9nt a tapasztalatszerz\u00e9s a legnehezebb. Pedig a legt\u00f6bb \u00e1ll\u00e1shirdet\u00e9sben felt\u00e9tel. Egy gyakornoki program ebben (is) seg\u00edt neked.\",\"breadcrumb\":{\"@id\":\"https:\\\/\\\/www.eudiakok.hu\\\/blog\\\/51-erv-hogy-gyakornoki-programban-dolgozz\\\/#breadcrumb\"},\"inLanguage\":\"hu\",\"potentialAction\":[{\"@type\":\"ReadAction\",\"target\":[\"https:\\\/\\\/www.eudiakok.hu\\\/blog\\\/51-erv-hogy-gyakornoki-programban-dolgozz\\\/\"]}]},{\"@type\":\"ImageObject\",\"inLanguage\":\"hu\",\"@id\":\"https:\\\/\\\/www.eudiakok.hu\\\/blog\\\/51-erv-hogy-gyakornoki-programban-dolgozz\\\/#primaryimage\",\"url\":\"https:\\\/\\\/www.eudiakok.hu\\\/blog\\\/wp-content\\\/uploads\\\/2021\\\/01\\\/5-1-erv-hogy-gyakornoki-programban-dolgozz.jpg\",\"contentUrl\":\"https:\\\/\\\/www.eudiakok.hu\\\/blog\\\/wp-content\\\/uploads\\\/2021\\\/01\\\/5-1-erv-hogy-gyakornoki-programban-dolgozz.jpg\",\"width\":1920,\"height\":1280},{\"@type\":\"BreadcrumbList\",\"@id\":\"https:\\\/\\\/www.eudiakok.hu\\\/blog\\\/51-erv-hogy-gyakornoki-programban-dolgozz\\\/#breadcrumb\",\"itemListElement\":[{\"@type\":\"ListItem\",\"position\":1,\"name\":\"Home\",\"item\":\"https:\\\/\\\/www.eudiakok.hu\\\/blog\\\/\"},{\"@type\":\"ListItem\",\"position\":2,\"name\":\"5+1 \u00e9rv, hogy gyakornoki programban dolgozz\"}]},{\"@type\":\"WebSite\",\"@id\":\"https:\\\/\\\/www.eudiakok.hu\\\/blog\\\/#website\",\"url\":\"https:\\\/\\\/www.eudiakok.hu\\\/blog\\\/\",\"name\":\"euDI\u00c1KOK Blog\",\"description\":\"Sz\u00ednes h\u00edreink a di\u00e1kmunka vil\u00e1g\u00e1b\u00f3l\",\"publisher\":{\"@id\":\"https:\\\/\\\/www.eudiakok.hu\\\/blog\\\/#organization\"},\"potentialAction\":[{\"@type\":\"SearchAction\",\"target\":{\"@type\":\"EntryPoint\",\"urlTemplate\":\"https:\\\/\\\/www.eudiakok.hu\\\/blog\\\/?s={search_term_string}\"},\"query-input\":{\"@type\":\"PropertyValueSpecification\",\"valueRequired\":true,\"valueName\":\"search_term_string\"}}],\"inLanguage\":\"hu\"},{\"@type\":\"Organization\",\"@id\":\"https:\\\/\\\/www.eudiakok.hu\\\/blog\\\/#organization\",\"name\":\"euDI\u00c1KOK\",\"url\":\"https:\\\/\\\/www.eudiakok.hu\\\/blog\\\/\",\"logo\":{\"@type\":\"ImageObject\",\"inLanguage\":\"hu\",\"@id\":\"https:\\\/\\\/www.eudiakok.hu\\\/blog\\\/#\\\/schema\\\/logo\\\/image\\\/\",\"url\":\"https:\\\/\\\/www.eudiakok.hu\\\/blog\\\/wp-content\\\/uploads\\\/2021\\\/01\\\/eu-diakok.png\",\"contentUrl\":\"https:\\\/\\\/www.eudiakok.hu\\\/blog\\\/wp-content\\\/uploads\\\/2021\\\/01\\\/eu-diakok.png\",\"width\":1638,\"height\":960,\"caption\":\"euDI\u00c1KOK\"},\"image\":{\"@id\":\"https:\\\/\\\/www.eudiakok.hu\\\/blog\\\/#\\\/schema\\\/logo\\\/image\\\/\"},\"sameAs\":[\"https:\\\/\\\/www.facebook.com\\\/eudiakok\",\"https:\\\/\\\/www.instagram.com\\\/eudiakok_diakmunka\\\/\",\"https:\\\/\\\/www.youtube.com\\\/channel\\\/UCVqA-rbCcm8C6NbvcTdrFUg\"]},{\"@type\":\"Person\",\"@id\":\"https:\\\/\\\/www.eudiakok.hu\\\/blog\\\/#\\\/schema\\\/person\\\/170aa30623d39e8c44086918ce180237\",\"name\":\"euDI\u00c1KOK\",\"image\":{\"@type\":\"ImageObject\",\"inLanguage\":\"hu\",\"@id\":\"https:\\\/\\\/secure.gravatar.com\\\/avatar\\\/2eb494097c150c789197a89e6eec31f3723e1b6ed0c9645d728fd9d06a7d8205?s=96&d=mm&r=g\",\"url\":\"https:\\\/\\\/secure.gravatar.com\\\/avatar\\\/2eb494097c150c789197a89e6eec31f3723e1b6ed0c9645d728fd9d06a7d8205?s=96&d=mm&r=g\",\"contentUrl\":\"https:\\\/\\\/secure.gravatar.com\\\/avatar\\\/2eb494097c150c789197a89e6eec31f3723e1b6ed0c9645d728fd9d06a7d8205?s=96&d=mm&r=g\",\"caption\":\"euDI\u00c1KOK\"},\"description\":\"Az euDI\u00c1KOK Iskolasz\u00f6vetkezet a legjobb di\u00e1kmunk\u00e1kat k\u00edn\u00e1lja Neked, amib\u0151l kedvedre v\u00e1logathatsz! Jelentkezz m\u00e1r ak\u00e1r 15 \u00e9ves kort\u00f3l. Nem gond, ha nem a f\u0151v\u00e1rosban laksz, orsz\u00e1gszerte lehet\u0151s\u00e9get biztos\u00edtunk Neked a munk\u00e1ra.\",\"url\":\"https:\\\/\\\/www.eudiakok.hu\\\/blog\\\/author\\\/eudiakok\\\/\"}]}<\/script>\n<!-- \/ Yoast SEO plugin. -->","yoast_head_json":{"title":"5+1 \u00e9rv, hogy gyakornoki programban dolgozz - euDI\u00c1KOK Blog","description":"P\u00e1lyakezd\u0151k\u00e9nt a tapasztalatszerz\u00e9s a legnehezebb. Pedig a legt\u00f6bb \u00e1ll\u00e1shirdet\u00e9sben felt\u00e9tel. Egy gyakornoki program ebben (is) seg\u00edt neked.","robots":{"index":"index","follow":"follow","max-snippet":"max-snippet:-1","max-image-preview":"max-image-preview:large","max-video-preview":"max-video-preview:-1"},"canonical":"https:\/\/www.eudiakok.hu\/blog\/51-erv-hogy-gyakornoki-programban-dolgozz\/","og_locale":"hu_HU","og_type":"article","og_title":"5+1 \u00e9rv, hogy gyakornoki programban dolgozz - euDI\u00c1KOK Blog","og_description":"P\u00e1lyakezd\u0151k\u00e9nt a tapasztalatszerz\u00e9s a legnehezebb. Pedig a legt\u00f6bb \u00e1ll\u00e1shirdet\u00e9sben felt\u00e9tel. Egy gyakornoki program ebben (is) seg\u00edt neked.","og_url":"https:\/\/www.eudiakok.hu\/blog\/51-erv-hogy-gyakornoki-programban-dolgozz\/","og_site_name":"euDI\u00c1KOK Blog","article_publisher":"https:\/\/www.facebook.com\/eudiakok","article_published_time":"2021-01-24T08:58:40+00:00","article_modified_time":"2021-01-29T10:19:13+00:00","og_image":[{"width":1920,"height":1280,"url":"https:\/\/www.eudiakok.hu\/blog\/wp-content\/uploads\/2021\/01\/5-1-erv-hogy-gyakornoki-programban-dolgozz.jpg","type":"image\/jpeg"}],"author":"euDI\u00c1KOK","twitter_card":"summary_large_image","twitter_misc":{"Szerz\u0151:":"euDI\u00c1KOK","Becs\u00fclt olvas\u00e1si id\u0151":"6 perc"},"schema":{"@context":"https:\/\/schema.org","@graph":[{"@type":"Article","@id":"https:\/\/www.eudiakok.hu\/blog\/51-erv-hogy-gyakornoki-programban-dolgozz\/#article","isPartOf":{"@id":"https:\/\/www.eudiakok.hu\/blog\/51-erv-hogy-gyakornoki-programban-dolgozz\/"},"author":{"name":"euDI\u00c1KOK","@id":"https:\/\/www.eudiakok.hu\/blog\/#\/schema\/person\/170aa30623d39e8c44086918ce180237"},"headline":"5+1 \u00e9rv, hogy gyakornoki programban dolgozz","datePublished":"2021-01-24T08:58:40+00:00","dateModified":"2021-01-29T10:19:13+00:00","mainEntityOfPage":{"@id":"https:\/\/www.eudiakok.hu\/blog\/51-erv-hogy-gyakornoki-programban-dolgozz\/"},"wordCount":1688,"commentCount":0,"publisher":{"@id":"https:\/\/www.eudiakok.hu\/blog\/#organization"},"image":{"@id":"https:\/\/www.eudiakok.hu\/blog\/51-erv-hogy-gyakornoki-programban-dolgozz\/#primaryimage"},"thumbnailUrl":"https:\/\/www.eudiakok.hu\/blog\/wp-content\/uploads\/2021\/01\/5-1-erv-hogy-gyakornoki-programban-dolgozz.jpg","keywords":["eudi\u00e1kok"],"articleSection":["Di\u00e1kmunka","Munkav\u00e1llal\u00e1s","Tov\u00e1bbtanul\u00e1s"],"inLanguage":"hu"},{"@type":"WebPage","@id":"https:\/\/www.eudiakok.hu\/blog\/51-erv-hogy-gyakornoki-programban-dolgozz\/","url":"https:\/\/www.eudiakok.hu\/blog\/51-erv-hogy-gyakornoki-programban-dolgozz\/","name":"5+1 \u00e9rv, hogy gyakornoki programban dolgozz - euDI\u00c1KOK Blog","isPartOf":{"@id":"https:\/\/www.eudiakok.hu\/blog\/#website"},"primaryImageOfPage":{"@id":"https:\/\/www.eudiakok.hu\/blog\/51-erv-hogy-gyakornoki-programban-dolgozz\/#primaryimage"},"image":{"@id":"https:\/\/www.eudiakok.hu\/blog\/51-erv-hogy-gyakornoki-programban-dolgozz\/#primaryimage"},"thumbnailUrl":"https:\/\/www.eudiakok.hu\/blog\/wp-content\/uploads\/2021\/01\/5-1-erv-hogy-gyakornoki-programban-dolgozz.jpg","datePublished":"2021-01-24T08:58:40+00:00","dateModified":"2021-01-29T10:19:13+00:00","description":"P\u00e1lyakezd\u0151k\u00e9nt a tapasztalatszerz\u00e9s a legnehezebb. Pedig a legt\u00f6bb \u00e1ll\u00e1shirdet\u00e9sben felt\u00e9tel. Egy gyakornoki program ebben (is) seg\u00edt neked.","breadcrumb":{"@id":"https:\/\/www.eudiakok.hu\/blog\/51-erv-hogy-gyakornoki-programban-dolgozz\/#breadcrumb"},"inLanguage":"hu","potentialAction":[{"@type":"ReadAction","target":["https:\/\/www.eudiakok.hu\/blog\/51-erv-hogy-gyakornoki-programban-dolgozz\/"]}]},{"@type":"ImageObject","inLanguage":"hu","@id":"https:\/\/www.eudiakok.hu\/blog\/51-erv-hogy-gyakornoki-programban-dolgozz\/#primaryimage","url":"https:\/\/www.eudiakok.hu\/blog\/wp-content\/uploads\/2021\/01\/5-1-erv-hogy-gyakornoki-programban-dolgozz.jpg","contentUrl":"https:\/\/www.eudiakok.hu\/blog\/wp-content\/uploads\/2021\/01\/5-1-erv-hogy-gyakornoki-programban-dolgozz.jpg","width":1920,"height":1280},{"@type":"BreadcrumbList","@id":"https:\/\/www.eudiakok.hu\/blog\/51-erv-hogy-gyakornoki-programban-dolgozz\/#breadcrumb","itemListElement":[{"@type":"ListItem","position":1,"name":"Home","item":"https:\/\/www.eudiakok.hu\/blog\/"},{"@type":"ListItem","position":2,"name":"5+1 \u00e9rv, hogy gyakornoki programban dolgozz"}]},{"@type":"WebSite","@id":"https:\/\/www.eudiakok.hu\/blog\/#website","url":"https:\/\/www.eudiakok.hu\/blog\/","name":"euDI\u00c1KOK Blog","description":"Sz\u00ednes h\u00edreink a di\u00e1kmunka vil\u00e1g\u00e1b\u00f3l","publisher":{"@id":"https:\/\/www.eudiakok.hu\/blog\/#organization"},"potentialAction":[{"@type":"SearchAction","target":{"@type":"EntryPoint","urlTemplate":"https:\/\/www.eudiakok.hu\/blog\/?s={search_term_string}"},"query-input":{"@type":"PropertyValueSpecification","valueRequired":true,"valueName":"search_term_string"}}],"inLanguage":"hu"},{"@type":"Organization","@id":"https:\/\/www.eudiakok.hu\/blog\/#organization","name":"euDI\u00c1KOK","url":"https:\/\/www.eudiakok.hu\/blog\/","logo":{"@type":"ImageObject","inLanguage":"hu","@id":"https:\/\/www.eudiakok.hu\/blog\/#\/schema\/logo\/image\/","url":"https:\/\/www.eudiakok.hu\/blog\/wp-content\/uploads\/2021\/01\/eu-diakok.png","contentUrl":"https:\/\/www.eudiakok.hu\/blog\/wp-content\/uploads\/2021\/01\/eu-diakok.png","width":1638,"height":960,"caption":"euDI\u00c1KOK"},"image":{"@id":"https:\/\/www.eudiakok.hu\/blog\/#\/schema\/logo\/image\/"},"sameAs":["https:\/\/www.facebook.com\/eudiakok","https:\/\/www.instagram.com\/eudiakok_diakmunka\/","https:\/\/www.youtube.com\/channel\/UCVqA-rbCcm8C6NbvcTdrFUg"]},{"@type":"Person","@id":"https:\/\/www.eudiakok.hu\/blog\/#\/schema\/person\/170aa30623d39e8c44086918ce180237","name":"euDI\u00c1KOK","image":{"@type":"ImageObject","inLanguage":"hu","@id":"https:\/\/secure.gravatar.com\/avatar\/2eb494097c150c789197a89e6eec31f3723e1b6ed0c9645d728fd9d06a7d8205?s=96&d=mm&r=g","url":"https:\/\/secure.gravatar.com\/avatar\/2eb494097c150c789197a89e6eec31f3723e1b6ed0c9645d728fd9d06a7d8205?s=96&d=mm&r=g","contentUrl":"https:\/\/secure.gravatar.com\/avatar\/2eb494097c150c789197a89e6eec31f3723e1b6ed0c9645d728fd9d06a7d8205?s=96&d=mm&r=g","caption":"euDI\u00c1KOK"},"description":"Az euDI\u00c1KOK Iskolasz\u00f6vetkezet a legjobb di\u00e1kmunk\u00e1kat k\u00edn\u00e1lja Neked, amib\u0151l kedvedre v\u00e1logathatsz! Jelentkezz m\u00e1r ak\u00e1r 15 \u00e9ves kort\u00f3l. Nem gond, ha nem a f\u0151v\u00e1rosban laksz, orsz\u00e1gszerte lehet\u0151s\u00e9get biztos\u00edtunk Neked a munk\u00e1ra.","url":"https:\/\/www.eudiakok.hu\/blog\/author\/eudiakok\/"}]}},"_links":{"self":[{"href":"https:\/\/www.eudiakok.hu\/blog\/wp-json\/wp\/v2\/posts\/201","targetHints":{"allow":["GET"]}}],"collection":[{"href":"https:\/\/www.eudiakok.hu\/blog\/wp-json\/wp\/v2\/posts"}],"about":[{"href":"https:\/\/www.eudiakok.hu\/blog\/wp-json\/wp\/v2\/types\/post"}],"author":[{"embeddable":true,"href":"https:\/\/www.eudiakok.hu\/blog\/wp-json\/wp\/v2\/users\/3"}],"replies":[{"embeddable":true,"href":"https:\/\/www.eudiakok.hu\/blog\/wp-json\/wp\/v2\/comments?post=201"}],"version-history":[{"count":2,"href":"https:\/\/www.eudiakok.hu\/blog\/wp-json\/wp\/v2\/posts\/201\/revisions"}],"predecessor-version":[{"id":205,"href":"https:\/\/www.eudiakok.hu\/blog\/wp-json\/wp\/v2\/posts\/201\/revisions\/205"}],"wp:featuredmedia":[{"embeddable":true,"href":"https:\/\/www.eudiakok.hu\/blog\/wp-json\/wp\/v2\/media\/202"}],"wp:attachment":[{"href":"https:\/\/www.eudiakok.hu\/blog\/wp-json\/wp\/v2\/media?parent=201"}],"wp:term":[{"taxonomy":"category","embeddable":true,"href":"https:\/\/www.eudiakok.hu\/blog\/wp-json\/wp\/v2\/categories?post=201"},{"taxonomy":"post_tag","embeddable":true,"href":"https:\/\/www.eudiakok.hu\/blog\/wp-json\/wp\/v2\/tags?post=201"}],"curies":[{"name":"wp","href":"https:\/\/api.w.org\/{rel}","templated":true}]}}